{"id":35473,"date":"2025-04-03T06:32:44","date_gmt":"2025-04-03T12:32:44","guid":{"rendered":"https:\/\/gerardoduque.com.mx\/?p=35473"},"modified":"2025-04-03T06:32:53","modified_gmt":"2025-04-03T12:32:53","slug":"realizan-acciones-para-promover-habitos-saludables-en-escuelas","status":"publish","type":"post","link":"https:\/\/gerardoduque.com.mx\/?p=35473","title":{"rendered":"REALIZAN ACCIONES PARA PROMOVER H\u00c1BITOS SALUDABLES EN ESCUELAS"},"content":{"rendered":"\n<p>San Luis Potos\u00ed se une a la estrategia nacional Vive Saludable, Vive Feliz, cumpliendo con los lineamientos establecidos para la preparaci\u00f3n, distribuci\u00f3n y venta de alimentos y bebidas. A trav\u00e9s de los Servicios de Salud, se llevan a cabo acciones para promover estilos de vida saludables en la alimentaci\u00f3n en las escuelas, favoreciendo as\u00ed el bienestar de la comunidad estudiantil.<\/p>\n\n\n\n<p>Durante marzo, el personal de las Jurisdicciones Sanitarias y de la Subdirecci\u00f3n de Prevenci\u00f3n y Promoci\u00f3n de la Salud visitaron diversas escuelas para ense\u00f1ar a los ni\u00f1os sobre el \u00abplato del bien comer\u00bb, la \u00abjarra del buen beber\u00bb y la importancia de leer las etiquetas de los alimentos. Estas actividades tambi\u00e9n han incluido la promoci\u00f3n de h\u00e1bitos de higiene y la relevancia de la actividad f\u00edsica, en preparaci\u00f3n para el inicio de la estrategia Vive Saludable, Vive Feliz.<\/p>\n\n\n\n<p>Adem\u00e1s, se han realizado reuniones virtuales para capacitar a supervisores, directivos, docentes y responsables de cooperativas escolares, asegurando que est\u00e9n listos para el lanzamiento de la estrategia que entr\u00f3 en vigor en todo el pa\u00eds el 29 de marzo. Esta iniciativa proh\u00edbe la venta y el consumo de bebidas y alimentos ultra procesados en todas las escuelas del Sistema Educativo Nacional.<\/p>\n\n\n\n<p>La estrategia busca transformar permanentemente la alimentaci\u00f3n de los ni\u00f1os, evitando el consumo de productos altos en calor\u00edas, sodio, az\u00facares y grasas, que carecen de fibra, vitaminas y minerales esenciales. Con esta acci\u00f3n, se pretende promover un crecimiento m\u00e1s saludable y prevenir la obesidad infantil, as\u00ed como enfermedades cr\u00f3nicas como la diabetes y la hipertensi\u00f3n. Para m\u00e1s informaci\u00f3n sobre la estrategia, visitevidasaludable.gob.mx.<\/p>\n","protected":false},"excerpt":{"rendered":"<p>Desde el 29 de marzo del 2025 en todas las escuelas del Sistema Educativo Nacional est\u00e1 prohibido el consumo y venta de bebidas y alimentos ultra procesados.<\/p>\n","protected":false},"author":4,"featured_media":35474,"comment_status":"closed","ping_status":"closed","sticky":false,"template":"","format":"standard","meta":{"_et_pb_use_builder":"off","_et_pb_old_content":"","_et_gb_content_width":"","footnotes":""},"categories":[412,280],"tags":[72,66],"class_list":["post-35473","post","type-post","status-publish","format-standard","has-post-thumbnail","hentry","category-destacado","category-gob-slp","tag-gobierno-del-estado","tag-san-luis-potosi"],"_links":{"self":[{"href":"https:\/\/gerardoduque.com.mx\/index.php?rest_route=\/wp\/v2\/posts\/35473","targetHints":{"allow":["GET"]}}],"collection":[{"href":"https:\/\/gerardoduque.com.mx\/index.php?rest_route=\/wp\/v2\/posts"}],"about":[{"href":"https:\/\/gerardoduque.com.mx\/index.php?rest_route=\/wp\/v2\/types\/post"}],"author":[{"embeddable":true,"href":"https:\/\/gerardoduque.com.mx\/index.php?rest_route=\/wp\/v2\/users\/4"}],"replies":[{"embeddable":true,"href":"https:\/\/gerardoduque.com.mx\/index.php?rest_route=%2Fwp%2Fv2%2Fcomments&post=35473"}],"version-history":[{"count":0,"href":"https:\/\/gerardoduque.com.mx\/index.php?rest_route=\/wp\/v2\/posts\/35473\/revisions"}],"wp:featuredmedia":[{"embeddable":true,"href":"https:\/\/gerardoduque.com.mx\/index.php?rest_route=\/wp\/v2\/media\/35474"}],"wp:attachment":[{"href":"https:\/\/gerardoduque.com.mx\/index.php?rest_route=%2Fwp%2Fv2%2Fmedia&parent=35473"}],"wp:term":[{"taxonomy":"category","embeddable":true,"href":"https:\/\/gerardoduque.com.mx\/index.php?rest_route=%2Fwp%2Fv2%2Fcategories&post=35473"},{"taxonomy":"post_tag","embeddable":true,"href":"https:\/\/gerardoduque.com.mx\/index.php?rest_route=%2Fwp%2Fv2%2Ftags&post=35473"}],"curies":[{"name":"wp","href":"https:\/\/api.w.org\/{rel}","templated":true}]}}