{"id":35442,"date":"2025-04-01T13:43:01","date_gmt":"2025-04-01T19:43:01","guid":{"rendered":"https:\/\/gerardoduque.com.mx\/?p=35442"},"modified":"2025-04-01T13:43:10","modified_gmt":"2025-04-01T19:43:10","slug":"alertan-por-calor-extremo-en-valles-y-la-huasteca","status":"publish","type":"post","link":"https:\/\/gerardoduque.com.mx\/?p=35442","title":{"rendered":"ALERTAN POR CALOR EXTREMO EN VALLES Y LA HUASTECA"},"content":{"rendered":"\n<p>La Coordinaci\u00f3n Estatal de Protecci\u00f3n Civil ha emitido una alerta para que la poblaci\u00f3n extreme cuidados y medidas de autoprotecci\u00f3n, debido a que en las pr\u00f3ximas horas se espera un incremento a\u00fan mayor en las temperaturas debido a una alta presi\u00f3n, a la baja humedad por las tardes y al escaso potencial de lluvias.<\/p>\n\n\n\n<p>En la zona Huasteca de la entidad el term\u00f3metro alcanzar\u00e1 los 45\u00b0C, lo que para el cuerpo humano a la intemperie significar\u00eda una sensaci\u00f3n t\u00e9rmica superior a cincuenta grados.<\/p>\n\n\n\n<p>En la zona Media el term\u00f3metro marcar\u00e1 hasta 40\u00b0C, y en las regiones Centro y Altiplano el calor llegar\u00e1 a 30\u00b0C.<\/p>\n\n\n\n<p>Debido al riesgo de sufrir golpes de calor, se llama a la poblaci\u00f3n a mantenerse hidratados, evitar actividades f\u00edsicas en la intemperie entre las 11 y las 16 horas, usar protector solar, y cuidar especialmente a personas adultas mayores, menores de edad y animales dom\u00e9sticos.<\/p>\n\n\n\n<p>Se debe evitar la exposici\u00f3n prolongada al sol, hay que vestir ropa ligera y de colores claros, preferentemente utilizar sombrero, gorra y lentes de sol, comer alimentos frescos, frutas y verduras.<\/p>\n\n\n\n<p>Protecci\u00f3n Civil Estatal advirti\u00f3 que este aumento de temperaturas en las cuatro regiones de la entidad mantiene el potencial de que se desarrollen incendios forestales. Por ello, se reitera el llamado a la poblaci\u00f3n para prevenirlos; se debe evitar realizar quemas agr\u00edcolas en horarios no permitidos.<\/p>\n","protected":false},"excerpt":{"rendered":"<p>Autoridades llaman a tomar precauciones para evitar complicaciones en la salud  <\/p>\n","protected":false},"author":4,"featured_media":35445,"comment_status":"closed","ping_status":"closed","sticky":false,"template":"","format":"standard","meta":{"_et_pb_use_builder":"off","_et_pb_old_content":"","_et_gb_content_width":"","footnotes":""},"categories":[412,62],"tags":[],"class_list":["post-35442","post","type-post","status-publish","format-standard","has-post-thumbnail","hentry","category-destacado","category-redaccion"],"_links":{"self":[{"href":"https:\/\/gerardoduque.com.mx\/index.php?rest_route=\/wp\/v2\/posts\/35442","targetHints":{"allow":["GET"]}}],"collection":[{"href":"https:\/\/gerardoduque.com.mx\/index.php?rest_route=\/wp\/v2\/posts"}],"about":[{"href":"https:\/\/gerardoduque.com.mx\/index.php?rest_route=\/wp\/v2\/types\/post"}],"author":[{"embeddable":true,"href":"https:\/\/gerardoduque.com.mx\/index.php?rest_route=\/wp\/v2\/users\/4"}],"replies":[{"embeddable":true,"href":"https:\/\/gerardoduque.com.mx\/index.php?rest_route=%2Fwp%2Fv2%2Fcomments&post=35442"}],"version-history":[{"count":0,"href":"https:\/\/gerardoduque.com.mx\/index.php?rest_route=\/wp\/v2\/posts\/35442\/revisions"}],"wp:featuredmedia":[{"embeddable":true,"href":"https:\/\/gerardoduque.com.mx\/index.php?rest_route=\/wp\/v2\/media\/35445"}],"wp:attachment":[{"href":"https:\/\/gerardoduque.com.mx\/index.php?rest_route=%2Fwp%2Fv2%2Fmedia&parent=35442"}],"wp:term":[{"taxonomy":"category","embeddable":true,"href":"https:\/\/gerardoduque.com.mx\/index.php?rest_route=%2Fwp%2Fv2%2Fcategories&post=35442"},{"taxonomy":"post_tag","embeddable":true,"href":"https:\/\/gerardoduque.com.mx\/index.php?rest_route=%2Fwp%2Fv2%2Ftags&post=35442"}],"curies":[{"name":"wp","href":"https:\/\/api.w.org\/{rel}","templated":true}]}}