{"id":35391,"date":"2025-03-30T14:33:22","date_gmt":"2025-03-30T20:33:22","guid":{"rendered":"https:\/\/gerardoduque.com.mx\/?p=35391"},"modified":"2025-03-30T19:27:53","modified_gmt":"2025-03-31T01:27:53","slug":"sujeto-abatido-en-ataque-contra-la-gce-ocurrio-este-domingo-en-ejido-de-valles","status":"publish","type":"post","link":"https:\/\/gerardoduque.com.mx\/?p=35391","title":{"rendered":"UN ABATIDO Y DOS DETENIDOS EN \u00abESTACI\u00d3N 500\u00bb EN CIUDAD VALLES"},"content":{"rendered":"\n<p>Alrededor de las 12:30 horas de este domingo, en el ejido \u201cEstaci\u00f3n 500\u201d, sujetos armados abrieron fuego en contra de agentes de la Guardia Civil Estatal, lo que gener\u00f3 un enfrentamiento.<\/p>\n\n\n\n<p>De acuerdo a un comunicado emitido por la Secretar\u00eda de Seguridad Estatal, los oficiales fueron atacados cuando atend\u00edan una denuncia sobre la presencia de civiles armados en esa zona.<\/p>\n\n\n\n<p>Seg\u00fan el reporte oficial, un presunto criminal result\u00f3 abatido. <br><br>Adem\u00e1s, fueron detenidos Felipe \u00abN\u00bb de 30 a\u00f1os de edad y Azael \u00abN\u00bb de 18 a\u00f1os. <br><br>Se les aseguraron armas de fuego, un veh\u00edculo y artefactos \u00abponchallantas\u00bb.<\/p>\n\n\n\n<p>Por parte de la Guardia Civil Estatal no se reportan bajas ni lesionados.<\/p>\n\n\n\n<p>El ataque ocurri\u00f3 a inmediaciones del eje carretero estatal que conduce de Ciudad Valles al municipio de El Naranjo.<\/p>\n","protected":false},"excerpt":{"rendered":"<p>Los individuos dispararon contra la Guardia Civil Estatal <\/p>\n","protected":false},"author":4,"featured_media":35392,"comment_status":"closed","ping_status":"closed","sticky":false,"template":"","format":"standard","meta":{"_et_pb_use_builder":"off","_et_pb_old_content":"","_et_gb_content_width":"","footnotes":""},"categories":[412,62],"tags":[],"class_list":["post-35391","post","type-post","status-publish","format-standard","has-post-thumbnail","hentry","category-destacado","category-redaccion"],"_links":{"self":[{"href":"https:\/\/gerardoduque.com.mx\/index.php?rest_route=\/wp\/v2\/posts\/35391","targetHints":{"allow":["GET"]}}],"collection":[{"href":"https:\/\/gerardoduque.com.mx\/index.php?rest_route=\/wp\/v2\/posts"}],"about":[{"href":"https:\/\/gerardoduque.com.mx\/index.php?rest_route=\/wp\/v2\/types\/post"}],"author":[{"embeddable":true,"href":"https:\/\/gerardoduque.com.mx\/index.php?rest_route=\/wp\/v2\/users\/4"}],"replies":[{"embeddable":true,"href":"https:\/\/gerardoduque.com.mx\/index.php?rest_route=%2Fwp%2Fv2%2Fcomments&post=35391"}],"version-history":[{"count":0,"href":"https:\/\/gerardoduque.com.mx\/index.php?rest_route=\/wp\/v2\/posts\/35391\/revisions"}],"wp:featuredmedia":[{"embeddable":true,"href":"https:\/\/gerardoduque.com.mx\/index.php?rest_route=\/wp\/v2\/media\/35392"}],"wp:attachment":[{"href":"https:\/\/gerardoduque.com.mx\/index.php?rest_route=%2Fwp%2Fv2%2Fmedia&parent=35391"}],"wp:term":[{"taxonomy":"category","embeddable":true,"href":"https:\/\/gerardoduque.com.mx\/index.php?rest_route=%2Fwp%2Fv2%2Fcategories&post=35391"},{"taxonomy":"post_tag","embeddable":true,"href":"https:\/\/gerardoduque.com.mx\/index.php?rest_route=%2Fwp%2Fv2%2Ftags&post=35391"}],"curies":[{"name":"wp","href":"https:\/\/api.w.org\/{rel}","templated":true}]}}