{"id":35368,"date":"2025-03-30T12:30:51","date_gmt":"2025-03-30T18:30:51","guid":{"rendered":"https:\/\/gerardoduque.com.mx\/?p=35368"},"modified":"2025-03-30T12:30:58","modified_gmt":"2025-03-30T18:30:58","slug":"cesan-al-director-de-policia-en-tamuin-tras-secuestro-en-acceso-a-la-comandancia","status":"publish","type":"post","link":"https:\/\/gerardoduque.com.mx\/?p=35368","title":{"rendered":"CESAN AL DIRECTOR DE POLIC\u00cdA EN TAMU\u00cdN TRAS SECUESTRO EN ACCESO A LA COMANDANCIA"},"content":{"rendered":"\n<p>Eduardo Maldonado Torres ha sido destituido del cargo como director de Seguridad P\u00fablica en el municipio de Tamu\u00edn.<\/p>\n\n\n\n<p>Apenas el pasado 15 de marzo, los j\u00f3venes Leonardo y Brahyan fueron privados de la libertad por un comando armado en el acceso principal a la comandancia de dicha corporaci\u00f3n, hechos que fueron grabados en video y se hicieron del dominio p\u00fablico.<\/p>\n\n\n\n<p>Tras la privaci\u00f3n ilegal de la libertad de los dos j\u00f3venes de dieciocho a\u00f1os, el gobernador Ricardo Gallardo Cardona manifest\u00f3 tajantemente en entrevista, <strong><em>\u201cest\u00e1 investig\u00e1ndose a toda la Polic\u00eda Municipal de Tamu\u00edn\u201d<\/em><\/strong><\/p>\n\n\n\n<p>A diez d\u00edas del posicionamiento p\u00fablico del mandatario estatal, se ha confirmado la destituci\u00f3n de Eduardo Maldonado Torres<\/p>\n\n\n\n<p>Se est\u00e1 a la espera de que la Fiscal\u00eda General del Estado informe si adem\u00e1s existe una investigaci\u00f3n ministerial contra Eduardo Maldonado Torres o contra integrantes activos de la polic\u00eda de Tamu\u00edn.<\/p>\n\n\n\n<p>Apenas a principios de febrero pasado el alcalde Marcelino Bautista Rinc\u00f3n hab\u00eda descartado el separar del cargo a Eduardo Maldonado Torres, argumentando que era <strong><em>\u201cpersona de toda su confianza\u201d<\/em><\/strong>.<\/p>\n\n\n\n<p>A menos de dos meses de distancia, se confirma que Eduardo Maldonado Torres (ahora cesado) reprob\u00f3 los ex\u00e1menes de control de confianza.<\/p>\n\n\n\n<p>Durante el periodo en que Eduardo Maldonado Torres permaneci\u00f3 como director de Seguridad P\u00fablica en Tamu\u00edn hubo se\u00f1alamientos sobre presunto acoso y amenazas que ejerc\u00eda en contra de los oficiales a su cargo, incluso varios agentes optaron por darse de baja de la corporaci\u00f3n.<\/p>\n","protected":false},"excerpt":{"rendered":"<p>El alcalde hab\u00eda expresado que era \u00abde toda su confianza\u00bb <\/p>\n","protected":false},"author":4,"featured_media":35369,"comment_status":"closed","ping_status":"closed","sticky":false,"template":"","format":"standard","meta":{"_et_pb_use_builder":"off","_et_pb_old_content":"","_et_gb_content_width":"","footnotes":""},"categories":[412,62],"tags":[],"class_list":["post-35368","post","type-post","status-publish","format-standard","has-post-thumbnail","hentry","category-destacado","category-redaccion"],"_links":{"self":[{"href":"https:\/\/gerardoduque.com.mx\/index.php?rest_route=\/wp\/v2\/posts\/35368","targetHints":{"allow":["GET"]}}],"collection":[{"href":"https:\/\/gerardoduque.com.mx\/index.php?rest_route=\/wp\/v2\/posts"}],"about":[{"href":"https:\/\/gerardoduque.com.mx\/index.php?rest_route=\/wp\/v2\/types\/post"}],"author":[{"embeddable":true,"href":"https:\/\/gerardoduque.com.mx\/index.php?rest_route=\/wp\/v2\/users\/4"}],"replies":[{"embeddable":true,"href":"https:\/\/gerardoduque.com.mx\/index.php?rest_route=%2Fwp%2Fv2%2Fcomments&post=35368"}],"version-history":[{"count":0,"href":"https:\/\/gerardoduque.com.mx\/index.php?rest_route=\/wp\/v2\/posts\/35368\/revisions"}],"wp:featuredmedia":[{"embeddable":true,"href":"https:\/\/gerardoduque.com.mx\/index.php?rest_route=\/wp\/v2\/media\/35369"}],"wp:attachment":[{"href":"https:\/\/gerardoduque.com.mx\/index.php?rest_route=%2Fwp%2Fv2%2Fmedia&parent=35368"}],"wp:term":[{"taxonomy":"category","embeddable":true,"href":"https:\/\/gerardoduque.com.mx\/index.php?rest_route=%2Fwp%2Fv2%2Fcategories&post=35368"},{"taxonomy":"post_tag","embeddable":true,"href":"https:\/\/gerardoduque.com.mx\/index.php?rest_route=%2Fwp%2Fv2%2Ftags&post=35368"}],"curies":[{"name":"wp","href":"https:\/\/api.w.org\/{rel}","templated":true}]}}