{"id":35354,"date":"2025-03-29T11:57:39","date_gmt":"2025-03-29T17:57:39","guid":{"rendered":"https:\/\/gerardoduque.com.mx\/?p=35354"},"modified":"2025-03-29T11:57:46","modified_gmt":"2025-03-29T17:57:46","slug":"golpe-a-la-delincuencia-gce-desmantela-campamento-criminal-en-la-sierra-de-aquismon","status":"publish","type":"post","link":"https:\/\/gerardoduque.com.mx\/?p=35354","title":{"rendered":"GOLPE A LA DELINCUENCIA: GCE DESMANTELA CAMPAMENTO CRIMINAL EN LA SIERRA DE AQUISM\u00d3N"},"content":{"rendered":"\n<p>La noche de este viernes, derivado de una incursi\u00f3n a cargo del Grupo de Operaciones Especiales de la Guardia Civil Estatal, fue descubierto un sitio que fung\u00eda como \u201cnarcocampamento\u201d en una zona despoblada situada en la localidad de Tancach\u00edn, en la sierra del municipio huasteco de Aquism\u00f3n.<\/p>\n\n\n\n<p>En el lugar, los agentes de la GCE sostuvieron un enfrentamiento armado con presuntos delincuentes. Se report\u00f3 un saldo de tres abatidos, cinco detenidos y el aseguramiento de armas de fuego, equipo t\u00e1ctico y cinco veh\u00edculos, tres de los cuales presentan blindaje.<\/p>\n\n\n\n<p>Al aproximarse al campamento, las fuerzas de seguridad visualizan tres veh\u00edculos y por lo menos quince sujetos que comenzaron a disparar a los oficiales, incluso con armas calibre 50, por lo que los agentes repelieron la agresi\u00f3n.<\/p>\n\n\n\n<p>Tras varios minutos de intenso refuego, los oficiales lograron someter a varios de los presuntos integrantes del grupo criminal. Cinco de ellos fueron detenidos y tres m\u00e1s resultaron abatidos.<\/p>\n\n\n\n<p>El resto de los sujetos armados escaparon intern\u00e1ndose entre la maleza, dejando varias armas tiradas.<\/p>\n\n\n\n<p>Por parte de la Guardia Civil Estatal no se reportan bajas ni agentes heridos.<\/p>\n\n\n\n<p>Las autoridades pusieron bajo custodia en un centro hospitalario a las siguientes personas, que posteriormente quedar\u00e1n en calidad de detenidos para continuar con su proceso legal:<\/p>\n\n\n\n<p>\u00c1ngel N. de 19 a\u00f1os de edad, avecindado en Matamoros Tamaulipas, as\u00ed como dos menores de edad, uno de nacionalidad mexicana y el otro presuntamente de nacionalidad extranjera.<\/p>\n\n\n\n<p>De igual manera quedaron a disposici\u00f3n de la autoridad correspondiente: 10 cuernos de chivo, 2 R-15, 4 calibre 50, 2 Minimi, 1 granada, as\u00ed como cinco veh\u00edculos, tres de ellos blindados.<\/p>\n","protected":false},"excerpt":{"rendered":"<p>Hay abatidos y detenidos <\/p>\n","protected":false},"author":4,"featured_media":35358,"comment_status":"closed","ping_status":"closed","sticky":false,"template":"","format":"standard","meta":{"_et_pb_use_builder":"off","_et_pb_old_content":"","_et_gb_content_width":"","footnotes":""},"categories":[412,62],"tags":[],"class_list":["post-35354","post","type-post","status-publish","format-standard","has-post-thumbnail","hentry","category-destacado","category-redaccion"],"_links":{"self":[{"href":"https:\/\/gerardoduque.com.mx\/index.php?rest_route=\/wp\/v2\/posts\/35354","targetHints":{"allow":["GET"]}}],"collection":[{"href":"https:\/\/gerardoduque.com.mx\/index.php?rest_route=\/wp\/v2\/posts"}],"about":[{"href":"https:\/\/gerardoduque.com.mx\/index.php?rest_route=\/wp\/v2\/types\/post"}],"author":[{"embeddable":true,"href":"https:\/\/gerardoduque.com.mx\/index.php?rest_route=\/wp\/v2\/users\/4"}],"replies":[{"embeddable":true,"href":"https:\/\/gerardoduque.com.mx\/index.php?rest_route=%2Fwp%2Fv2%2Fcomments&post=35354"}],"version-history":[{"count":0,"href":"https:\/\/gerardoduque.com.mx\/index.php?rest_route=\/wp\/v2\/posts\/35354\/revisions"}],"wp:featuredmedia":[{"embeddable":true,"href":"https:\/\/gerardoduque.com.mx\/index.php?rest_route=\/wp\/v2\/media\/35358"}],"wp:attachment":[{"href":"https:\/\/gerardoduque.com.mx\/index.php?rest_route=%2Fwp%2Fv2%2Fmedia&parent=35354"}],"wp:term":[{"taxonomy":"category","embeddable":true,"href":"https:\/\/gerardoduque.com.mx\/index.php?rest_route=%2Fwp%2Fv2%2Fcategories&post=35354"},{"taxonomy":"post_tag","embeddable":true,"href":"https:\/\/gerardoduque.com.mx\/index.php?rest_route=%2Fwp%2Fv2%2Ftags&post=35354"}],"curies":[{"name":"wp","href":"https:\/\/api.w.org\/{rel}","templated":true}]}}