{"id":35299,"date":"2025-03-27T20:15:52","date_gmt":"2025-03-28T02:15:52","guid":{"rendered":"https:\/\/gerardoduque.com.mx\/?p=35299"},"modified":"2025-03-27T20:15:58","modified_gmt":"2025-03-28T02:15:58","slug":"tribunal-electoral-amonesta-al-columnista-juan-jose-rodriguez-por-violencia-politica-de-genero","status":"publish","type":"post","link":"https:\/\/gerardoduque.com.mx\/?p=35299","title":{"rendered":"TRIBUNAL ELECTORAL AMONESTA AL COLUMNISTA JUAN JOS\u00c9 RODR\u00cdGUEZ POR VIOLENCIA POL\u00cdTICA DE G\u00c9NERO"},"content":{"rendered":"\n<p>Poe: Antonio Gonz\u00e1lez V\u00e1zquez \/ astrolabio.com.mx <\/p>\n\n\n\n<p>El&nbsp;Tribunal Electoral del Estado&nbsp;(TEE) resolvi\u00f3 la existencia de la infracci\u00f3n consistente en violencia pol\u00edtica contra la mujer en raz\u00f3n de g\u00e9nero atribuida al periodista&nbsp;Juan Jos\u00e9 Rodr\u00edguez Medina, por lo que impuso como sanci\u00f3n una amonestaci\u00f3n p\u00fablica.<\/p>\n\n\n\n<p>El pleno del Tribunal emiti\u00f3 la sentencia del&nbsp;expediente TESLP\/PSE\/01\/2025, originado por la denuncia presentada por&nbsp;Ma. Sara Rocha Medina, presidenta del&nbsp;Comit\u00e9 Directivo Estatal&nbsp;del&nbsp;Partido Revolucionario Institucional&nbsp;(PRI).<\/p>\n\n\n\n<p>Como medida de reparaci\u00f3n integral, Rodr\u00edguez Medina deber\u00e1 ofrecer una disculpa p\u00fablica en el mismo medio (su columna&nbsp;Nueve Esquinas) y tendr\u00e1 que se\u00f1alar claramente que el denunciado cometi\u00f3 violencia pol\u00edtica contra la mujer en raz\u00f3n de g\u00e9nero en contra de la denunciante.<\/p>\n\n\n\n<p>Lo anterior, al confirmar que utiliz\u00f3 lenguaje estereotipado y denigrante en contra de Rocha Medina.<\/p>\n\n\n\n<p><strong><em>\u201cSeg\u00fan la sentencia aprobada por unanimidad \u201cse estima que lo procedente es fijar una sanci\u00f3n de conformidad con el art\u00edculo 456 fracci\u00f3n I, de la Ley Electoral, por lo que consecuentemente se impone una amonestaci\u00f3n p\u00fablica, la cual resulta adecuada, proporcional, eficaz y disuasiva, para que en lo sucesivo se abstenga de incurrir en una conducta similar en contra de las mujeres\u201d<\/em><\/strong>.<\/p>\n\n\n\n<p>Orden\u00f3 al columnista de\u00a0<strong><em>\u201cPulso Diario de San Luis\u201d<\/em><\/strong>\u00a0cumplir con las medidas de reparaci\u00f3n y no repetici\u00f3n, para lo cual deber\u00e1 asistir a un curso, taller o conferencia de <strong><em>\u201cviolencia pol\u00edtica contra las mujeres en raz\u00f3n de g\u00e9nero\u201d<\/em><\/strong> que ser\u00e1 impartido por la Secretar\u00eda de las Mujeres del Estado.<\/p>\n\n\n\n<p>Una vez que Rodr\u00edguez Medina cumpla con ello, deber\u00e1 remitir al Tribunal constancia emitida por la instituci\u00f3n, la evidencia fotogr\u00e1fica y el pase de lista que acrediten la asistencia al curso; esto en las 24 horas posteriores a la culminaci\u00f3n del curso.<\/p>\n\n\n\n<p>Adem\u00e1s, orden\u00f3 su inscripci\u00f3n en el&nbsp;Registro Estatal de Personas Sancionadas&nbsp;por un per\u00edodo de un a\u00f1o y seis meses.<\/p>\n\n\n\n<p>Advierte a Rodr\u00edguez Medina que se le apercibe que, en caso de incumplir con lo ordenado respecto de las medidas de reparaci\u00f3n y no repetici\u00f3n, se le impondr\u00e1 alguna de las medidas de apremio correspondientes.<\/p>\n\n\n\n<p>La calificaci\u00f3n de la falta del periodista fue evaluada como \u201cleve\u201d, toda vez que algunos se\u00f1alamientos publicados en contra de la priista no implicaron violencia pol\u00edtica, sino que se ejerci\u00f3 la libertad de expresi\u00f3n.<\/p>\n\n\n\n<p>En contraste, el Tribunal identific\u00f3 casos de referencia con carga de violencia simb\u00f3lica, por ejemplo, llamar a Sara Roca&nbsp;\u201cAlita Rocha\u201d&nbsp;al utilizar un seud\u00f3nimo relativo al presidente nacional del PRI Alejandro Moreno C\u00e1rdenas de quien consign\u00f3 el periodista, es jefe de la dirigente estatal, de quien escribi\u00f3 que \u201cenloqueci\u00f3\u201d<\/p>\n\n\n\n<p>Responsabiliza al periodista de utilizar<strong><em> \u201cexpresiones que se orientan a descalificar la toma de decisiones y capacidades de la denunciante ante el se\u00f1alamiento de sometimiento y control de un hombre (cuando se\u00f1ala que act\u00faa acatando instrucciones de su jefe), denigrando y descalificando en ejercicio de sus funciones p\u00fablica como presidenta del CDE del PRI, dirigiendo seud\u00f3nimos como \u2018Alita Rocha\u2019, asign\u00e1ndole en femenino el alias o mote de su jefe, con lo que pone en tela de juicio su inteligencia otorg\u00e1ndole un \u2018rol\u2019 de subordinaci\u00f3n a su intelecto y aptitud para llevar a cabo su funci\u00f3n de dirigente estatal\u201d.<\/em><\/strong><\/p>\n\n\n\n<p>Y completa:<strong><em> \u201cde ah\u00ed que se considere, que las manifestaciones referidas tienen por objeto menoscabar o anular el reconocimiento del goce y el ejercicio de los derechos pol\u00edtico electorales de las mujeres de la denunciante\u201d.<\/em><\/strong><\/p>\n","protected":false},"excerpt":{"rendered":"<p>POR: Antonio Gonz\u00e1lez V\u00e1zquez \/ ASTROLABIO <\/p>\n","protected":false},"author":4,"featured_media":35300,"comment_status":"closed","ping_status":"closed","sticky":false,"template":"","format":"standard","meta":{"_et_pb_use_builder":"off","_et_pb_old_content":"","_et_gb_content_width":"","footnotes":""},"categories":[412,62],"tags":[],"class_list":["post-35299","post","type-post","status-publish","format-standard","has-post-thumbnail","hentry","category-destacado","category-redaccion"],"_links":{"self":[{"href":"https:\/\/gerardoduque.com.mx\/index.php?rest_route=\/wp\/v2\/posts\/35299","targetHints":{"allow":["GET"]}}],"collection":[{"href":"https:\/\/gerardoduque.com.mx\/index.php?rest_route=\/wp\/v2\/posts"}],"about":[{"href":"https:\/\/gerardoduque.com.mx\/index.php?rest_route=\/wp\/v2\/types\/post"}],"author":[{"embeddable":true,"href":"https:\/\/gerardoduque.com.mx\/index.php?rest_route=\/wp\/v2\/users\/4"}],"replies":[{"embeddable":true,"href":"https:\/\/gerardoduque.com.mx\/index.php?rest_route=%2Fwp%2Fv2%2Fcomments&post=35299"}],"version-history":[{"count":0,"href":"https:\/\/gerardoduque.com.mx\/index.php?rest_route=\/wp\/v2\/posts\/35299\/revisions"}],"wp:featuredmedia":[{"embeddable":true,"href":"https:\/\/gerardoduque.com.mx\/index.php?rest_route=\/wp\/v2\/media\/35300"}],"wp:attachment":[{"href":"https:\/\/gerardoduque.com.mx\/index.php?rest_route=%2Fwp%2Fv2%2Fmedia&parent=35299"}],"wp:term":[{"taxonomy":"category","embeddable":true,"href":"https:\/\/gerardoduque.com.mx\/index.php?rest_route=%2Fwp%2Fv2%2Fcategories&post=35299"},{"taxonomy":"post_tag","embeddable":true,"href":"https:\/\/gerardoduque.com.mx\/index.php?rest_route=%2Fwp%2Fv2%2Ftags&post=35299"}],"curies":[{"name":"wp","href":"https:\/\/api.w.org\/{rel}","templated":true}]}}