{"id":35292,"date":"2025-03-27T19:18:07","date_gmt":"2025-03-28T01:18:07","guid":{"rendered":"https:\/\/gerardoduque.com.mx\/?p=35292"},"modified":"2025-03-27T19:18:15","modified_gmt":"2025-03-28T01:18:15","slug":"se-hizo-policia-de-ciudad-valles-tras-ser-sentenciado-a-veinte-anos-de-prision-por-homicidio","status":"publish","type":"post","link":"https:\/\/gerardoduque.com.mx\/?p=35292","title":{"rendered":"SE HIZO POLIC\u00cdA DE CIUDAD VALLES TRAS SER SENTENCIADO A VEINTE A\u00d1OS DE PRISI\u00d3N POR HOMICIDIO"},"content":{"rendered":"\n<p>El director de la Polic\u00eda Municipal de Valles, San Luis Potos\u00ed, reconoce que en la corporaci\u00f3n a su cargo ha trabajado Germ\u00e1n \u00abN\u00bb, quien en noviembre de 2017 fue detenido por la FGESLP y presentado ante un Juez, como presunto homicida de Juan Ju\u00e1rez, popular imitador del cantante \u201cJuan Gabriel\u00bb.<\/p>\n\n\n\n<p>El homicidio fue perpetrado en el eje carretero Xolol \u2013 Tamu\u00edn en julio de 2017, cuatro meses antes de la detenci\u00f3n de Germ\u00e1n \u00abN\u00bb.<\/p>\n\n\n\n<p>En junio de 2020 la Fiscal\u00eda General del Estado inform\u00f3 que logr\u00f3 una sentencia condenatoria de veinte a\u00f1os de prisi\u00f3n en contra de Germ\u00e1n \u00abN\u00bb y otros implicados en el homicidio del imitador de Juan Gabriel.<\/p>\n\n\n\n<p>Hoy jueves, en entrevista, Jos\u00e9 Juan Herrera Sierra, director de Seguridad P\u00fablica Municipal de Valles, confirm\u00f3 que para el a\u00f1o 2021 Germ\u00e1n \u00abN\u00bb fue dado de alta en la corporaci\u00f3n municipal.<\/p>\n\n\n\n<p>Es decir, Germ\u00e1n \u00abN\u00bb fue dado de alta como agente de seguridad p\u00fablica en Ciudad Valles un a\u00f1o despu\u00e9s de haber sido sentenciado a dos d\u00e9cadas de prisi\u00f3n.<\/p>\n","protected":false},"excerpt":{"rendered":"<p>\u00abSi alguna autoridad lo solt\u00f3 fue por algo\u00bb, se\u00f1ala el director de la polic\u00eda en Valles <\/p>\n","protected":false},"author":4,"featured_media":35293,"comment_status":"closed","ping_status":"closed","sticky":false,"template":"","format":"standard","meta":{"_et_pb_use_builder":"off","_et_pb_old_content":"","_et_gb_content_width":"","footnotes":""},"categories":[412,62],"tags":[],"class_list":["post-35292","post","type-post","status-publish","format-standard","has-post-thumbnail","hentry","category-destacado","category-redaccion"],"_links":{"self":[{"href":"https:\/\/gerardoduque.com.mx\/index.php?rest_route=\/wp\/v2\/posts\/35292","targetHints":{"allow":["GET"]}}],"collection":[{"href":"https:\/\/gerardoduque.com.mx\/index.php?rest_route=\/wp\/v2\/posts"}],"about":[{"href":"https:\/\/gerardoduque.com.mx\/index.php?rest_route=\/wp\/v2\/types\/post"}],"author":[{"embeddable":true,"href":"https:\/\/gerardoduque.com.mx\/index.php?rest_route=\/wp\/v2\/users\/4"}],"replies":[{"embeddable":true,"href":"https:\/\/gerardoduque.com.mx\/index.php?rest_route=%2Fwp%2Fv2%2Fcomments&post=35292"}],"version-history":[{"count":0,"href":"https:\/\/gerardoduque.com.mx\/index.php?rest_route=\/wp\/v2\/posts\/35292\/revisions"}],"wp:featuredmedia":[{"embeddable":true,"href":"https:\/\/gerardoduque.com.mx\/index.php?rest_route=\/wp\/v2\/media\/35293"}],"wp:attachment":[{"href":"https:\/\/gerardoduque.com.mx\/index.php?rest_route=%2Fwp%2Fv2%2Fmedia&parent=35292"}],"wp:term":[{"taxonomy":"category","embeddable":true,"href":"https:\/\/gerardoduque.com.mx\/index.php?rest_route=%2Fwp%2Fv2%2Fcategories&post=35292"},{"taxonomy":"post_tag","embeddable":true,"href":"https:\/\/gerardoduque.com.mx\/index.php?rest_route=%2Fwp%2Fv2%2Ftags&post=35292"}],"curies":[{"name":"wp","href":"https:\/\/api.w.org\/{rel}","templated":true}]}}