{"id":35269,"date":"2025-03-27T07:08:03","date_gmt":"2025-03-27T13:08:03","guid":{"rendered":"https:\/\/gerardoduque.com.mx\/?p=35269"},"modified":"2025-03-27T07:08:10","modified_gmt":"2025-03-27T13:08:10","slug":"reportan-como-controlados-y-liquidados-los-incendios-forestales-en-el-estado","status":"publish","type":"post","link":"https:\/\/gerardoduque.com.mx\/?p=35269","title":{"rendered":"REPORTAN COMO CONTROLADOS Y LIQUIDADOS LOS INCENDIOS FORESTALES EN EL ESTADO"},"content":{"rendered":"\n<p>El Comit\u00e9 del Manejo del Fuego, dio a conocer que, tras el trabajo coordinado de las dependencias estatales, federal, municipales y a las personas voluntarias, fueron liquidados en su totalidad los incendios forestales que se encontraban activos en la entidad, tras dar a conocer que este mi\u00e9rcoles entregaron a las autoridades de Ciudad del Ma\u00edz, el incendio forestal de Papagayos, que era el que a\u00fan faltaba por controlar y liquidar.<\/p>\n\n\n\n<p>El Comit\u00e9 revel\u00f3 que este \u00faltimo incendio de manera preliminar afect\u00f3 mil 500 hect\u00e1reas, y fue usada una aeronave MI-17 de la Marina para el traslado de brigadistas y para hacer descargas de agua en el incendio, lo que contribuy\u00f3 a que pudiera controlarse en un menor tiempo. En lo que va de la temporada cr\u00edtica se han registrado 46 incendios con una afectaci\u00f3n de cinco mil 614 hect\u00e1reas.<\/p>\n\n\n\n<p>Finalmente, se expuso que la temporada a\u00fan no concluye y en los meses de abril, mayo y junio, pueden registrarse m\u00e1s incendios, por lo se hizo un llamado a la poblaci\u00f3n a fortalecer la prevenci\u00f3n y apoyo para evitar quemas agr\u00edcolas en horarios no permitidos, en caso de acampar, apagar completamente fogatas, no arrojar colillas de cigarro o dejar objetos de vidrio que puedan ocasionar el efecto lupa, entre otras.<\/p>\n","protected":false},"excerpt":{"rendered":"<p>En lo que va de la temporada cr\u00edtica hay registro de 46 incendios forestales y 5 mil 614 hect\u00e1reas afectadas.<\/p>\n","protected":false},"author":4,"featured_media":35270,"comment_status":"closed","ping_status":"closed","sticky":false,"template":"","format":"standard","meta":{"_et_pb_use_builder":"off","_et_pb_old_content":"","_et_gb_content_width":"","footnotes":""},"categories":[412,280],"tags":[72,66],"class_list":["post-35269","post","type-post","status-publish","format-standard","has-post-thumbnail","hentry","category-destacado","category-gob-slp","tag-gobierno-del-estado","tag-san-luis-potosi"],"_links":{"self":[{"href":"https:\/\/gerardoduque.com.mx\/index.php?rest_route=\/wp\/v2\/posts\/35269","targetHints":{"allow":["GET"]}}],"collection":[{"href":"https:\/\/gerardoduque.com.mx\/index.php?rest_route=\/wp\/v2\/posts"}],"about":[{"href":"https:\/\/gerardoduque.com.mx\/index.php?rest_route=\/wp\/v2\/types\/post"}],"author":[{"embeddable":true,"href":"https:\/\/gerardoduque.com.mx\/index.php?rest_route=\/wp\/v2\/users\/4"}],"replies":[{"embeddable":true,"href":"https:\/\/gerardoduque.com.mx\/index.php?rest_route=%2Fwp%2Fv2%2Fcomments&post=35269"}],"version-history":[{"count":0,"href":"https:\/\/gerardoduque.com.mx\/index.php?rest_route=\/wp\/v2\/posts\/35269\/revisions"}],"wp:featuredmedia":[{"embeddable":true,"href":"https:\/\/gerardoduque.com.mx\/index.php?rest_route=\/wp\/v2\/media\/35270"}],"wp:attachment":[{"href":"https:\/\/gerardoduque.com.mx\/index.php?rest_route=%2Fwp%2Fv2%2Fmedia&parent=35269"}],"wp:term":[{"taxonomy":"category","embeddable":true,"href":"https:\/\/gerardoduque.com.mx\/index.php?rest_route=%2Fwp%2Fv2%2Fcategories&post=35269"},{"taxonomy":"post_tag","embeddable":true,"href":"https:\/\/gerardoduque.com.mx\/index.php?rest_route=%2Fwp%2Fv2%2Ftags&post=35269"}],"curies":[{"name":"wp","href":"https:\/\/api.w.org\/{rel}","templated":true}]}}