{"id":35252,"date":"2025-03-26T07:14:46","date_gmt":"2025-03-26T13:14:46","guid":{"rendered":"https:\/\/gerardoduque.com.mx\/?p=35252"},"modified":"2025-03-26T07:16:32","modified_gmt":"2025-03-26T13:16:32","slug":"generan-convenios-para-sumar-al-sistema-para-la-busqueda-de-personas-en-slp","status":"publish","type":"post","link":"https:\/\/gerardoduque.com.mx\/?p=35252","title":{"rendered":"GENERAN CONVENIOS PARA SUMAR AL SISTEMA PARA LA B\u00daSQUEDA DE PERSONAS EN SLP"},"content":{"rendered":"\n<p>La Comisi\u00f3n Estatal de B\u00fasqueda de Personas firmar\u00e1 un convenio de colaboraci\u00f3n con la Fiscal\u00eda General del Estado para colaborar, intercambiar informaci\u00f3n y proporcionar asesor\u00eda t\u00e9cnica en materia de b\u00fasqueda en vida y b\u00fasqueda forense con fines de identificaci\u00f3n humana de personas desaparecidas.<\/p>\n\n\n\n<p>Lo anterior lo inform\u00f3 el secretario General de Gobierno, J. Guadalupe Torres S\u00e1nchez luego del encuentro que sostuvo con el colectivo \u201cVoz y Dignidad por los Nuestros\u201d, donde destac\u00f3 que incorporar\u00e1n acciones para coadyuvar a la identificaci\u00f3n gen\u00e9tica de muestras \u00f3seas y restos humanos de personas no identificadas a cargo de la FGE y atender\u00e1n la petici\u00f3n de familias de personas desaparecidas para identificar todos los restos humanos encontrados.<\/p>\n\n\n\n<p>Lo anterior tiene como objetivo de contribuir en sus acciones de b\u00fasqueda y darles el acompa\u00f1amiento y m\u00e1s apoyo a las familias, adem\u00e1s de informarles de la firma del convenio de colaboraci\u00f3n que se realizar\u00e1 durante la sesi\u00f3n del Sistema Estatal de B\u00fasqueda.<\/p>\n\n\n\n<p>El secretario General de Gobierno explic\u00f3 que este convenio permitir\u00e1 coadyuvar, a trav\u00e9s del Laboratorio de Gen\u00e9tica de la CEBP, a disminuir la carga de trabajo de la FGE en materia de identificaci\u00f3n forense y contribuir a la identificaci\u00f3n de personas reportadas como desaparecidas o no localizadas.<\/p>\n","protected":false},"excerpt":{"rendered":"<p>El colectivo \u201cVoz y Dignidad por los Nuestros\u201d en conjunto con el estado, incorporar\u00e1n acciones para coadyuvar a la identificaci\u00f3n gen\u00e9tica de muestras \u00f3seas y restos de personas no identificadas.<\/p>\n","protected":false},"author":4,"featured_media":35253,"comment_status":"closed","ping_status":"closed","sticky":false,"template":"","format":"standard","meta":{"_et_pb_use_builder":"off","_et_pb_old_content":"","_et_gb_content_width":"","footnotes":""},"categories":[412,280],"tags":[374,72,66],"class_list":["post-35252","post","type-post","status-publish","format-standard","has-post-thumbnail","hentry","category-destacado","category-gob-slp","tag-cebp","tag-gobierno-del-estado","tag-san-luis-potosi"],"_links":{"self":[{"href":"https:\/\/gerardoduque.com.mx\/index.php?rest_route=\/wp\/v2\/posts\/35252","targetHints":{"allow":["GET"]}}],"collection":[{"href":"https:\/\/gerardoduque.com.mx\/index.php?rest_route=\/wp\/v2\/posts"}],"about":[{"href":"https:\/\/gerardoduque.com.mx\/index.php?rest_route=\/wp\/v2\/types\/post"}],"author":[{"embeddable":true,"href":"https:\/\/gerardoduque.com.mx\/index.php?rest_route=\/wp\/v2\/users\/4"}],"replies":[{"embeddable":true,"href":"https:\/\/gerardoduque.com.mx\/index.php?rest_route=%2Fwp%2Fv2%2Fcomments&post=35252"}],"version-history":[{"count":0,"href":"https:\/\/gerardoduque.com.mx\/index.php?rest_route=\/wp\/v2\/posts\/35252\/revisions"}],"wp:featuredmedia":[{"embeddable":true,"href":"https:\/\/gerardoduque.com.mx\/index.php?rest_route=\/wp\/v2\/media\/35253"}],"wp:attachment":[{"href":"https:\/\/gerardoduque.com.mx\/index.php?rest_route=%2Fwp%2Fv2%2Fmedia&parent=35252"}],"wp:term":[{"taxonomy":"category","embeddable":true,"href":"https:\/\/gerardoduque.com.mx\/index.php?rest_route=%2Fwp%2Fv2%2Fcategories&post=35252"},{"taxonomy":"post_tag","embeddable":true,"href":"https:\/\/gerardoduque.com.mx\/index.php?rest_route=%2Fwp%2Fv2%2Ftags&post=35252"}],"curies":[{"name":"wp","href":"https:\/\/api.w.org\/{rel}","templated":true}]}}