{"id":35237,"date":"2025-03-25T15:38:31","date_gmt":"2025-03-25T21:38:31","guid":{"rendered":"https:\/\/gerardoduque.com.mx\/?p=35237"},"modified":"2025-03-25T15:38:40","modified_gmt":"2025-03-25T21:38:40","slug":"importante-vialidad-fue-rehabiliitada-en-cd-fernandez","status":"publish","type":"post","link":"https:\/\/gerardoduque.com.mx\/?p=35237","title":{"rendered":"IMPORTANTE VIALIDAD FUE REHABILIITADA EN CD. FERN\u00c1NDEZ"},"content":{"rendered":"\n<p>M\u00e1s de veinte mil habitantes de Ciudad Fern\u00e1ndez acceder\u00e1n a una mejor movilidad, \u00e1gil y segura, con la rehabilitaci\u00f3n de la calle Eje Educativo Carlos Jonguitud Barrios, que este martes inaugur\u00f3 el gobernador de San Luis Potos\u00ed, Ricardo Gallardo Cardona, para acercar m\u00e1s apoyo a las y los potosinos, mediante obras y acciones de alto impacto social y econ\u00f3mico que tambi\u00e9n impulsan la plusval\u00eda de la regi\u00f3n.<\/p>\n\n\n\n<p>Ante cientos de asistentes de Ciudad Fern\u00e1ndez y la regi\u00f3n Media, el mandatario estatal refrend\u00f3 su compromiso de seguir mejorando la infraestructura de calles y caminos de las cuatro regiones, priorizando la movilidad de las familias potosinas, para que accedan a mejores servicios y oportunidades que fomentan el sano desarrollo, as\u00ed como el impulso a la econom\u00eda, el turismo, y las inversiones extranjeras.<\/p>\n\n\n\n<p>Tras a\u00f1os de olvido, la actual administraci\u00f3n invirti\u00f3 m\u00e1s de siete millones de pesos en la rehabilitaci\u00f3n de la calle Eje Educativo Carlos Jonguitud Barrios, desde Framboyanes a Moctezuma, una de las v\u00edas principales del municipio que permite la conectividad de las comunidades aleda\u00f1as, en la que se repusieron redes de drenaje y agua potable, pavimentaci\u00f3n de concreto hidr\u00e1ulico, guarnici\u00f3n de concreto, entre otras.<\/p>\n\n\n\n<p>Durante la gira por la regi\u00f3n Media, el Gobernador entreg\u00f3 paquetes del programa Seguridad Alimentaria a las familias, con productos de calidad nutritiva para fomentar el sano desarrollo de las ni\u00f1as, ni\u00f1os, adolescentes y adultos mayores.<\/p>\n","protected":false},"excerpt":{"rendered":"<p>Gobierno del Estado destin\u00f3 siete millones de pesos a dicha obra<\/p>\n","protected":false},"author":4,"featured_media":35238,"comment_status":"closed","ping_status":"closed","sticky":false,"template":"","format":"standard","meta":{"_et_pb_use_builder":"off","_et_pb_old_content":"","_et_gb_content_width":"","footnotes":""},"categories":[412,62],"tags":[],"class_list":["post-35237","post","type-post","status-publish","format-standard","has-post-thumbnail","hentry","category-destacado","category-redaccion"],"_links":{"self":[{"href":"https:\/\/gerardoduque.com.mx\/index.php?rest_route=\/wp\/v2\/posts\/35237","targetHints":{"allow":["GET"]}}],"collection":[{"href":"https:\/\/gerardoduque.com.mx\/index.php?rest_route=\/wp\/v2\/posts"}],"about":[{"href":"https:\/\/gerardoduque.com.mx\/index.php?rest_route=\/wp\/v2\/types\/post"}],"author":[{"embeddable":true,"href":"https:\/\/gerardoduque.com.mx\/index.php?rest_route=\/wp\/v2\/users\/4"}],"replies":[{"embeddable":true,"href":"https:\/\/gerardoduque.com.mx\/index.php?rest_route=%2Fwp%2Fv2%2Fcomments&post=35237"}],"version-history":[{"count":0,"href":"https:\/\/gerardoduque.com.mx\/index.php?rest_route=\/wp\/v2\/posts\/35237\/revisions"}],"wp:featuredmedia":[{"embeddable":true,"href":"https:\/\/gerardoduque.com.mx\/index.php?rest_route=\/wp\/v2\/media\/35238"}],"wp:attachment":[{"href":"https:\/\/gerardoduque.com.mx\/index.php?rest_route=%2Fwp%2Fv2%2Fmedia&parent=35237"}],"wp:term":[{"taxonomy":"category","embeddable":true,"href":"https:\/\/gerardoduque.com.mx\/index.php?rest_route=%2Fwp%2Fv2%2Fcategories&post=35237"},{"taxonomy":"post_tag","embeddable":true,"href":"https:\/\/gerardoduque.com.mx\/index.php?rest_route=%2Fwp%2Fv2%2Ftags&post=35237"}],"curies":[{"name":"wp","href":"https:\/\/api.w.org\/{rel}","templated":true}]}}