{"id":35199,"date":"2025-03-24T13:14:30","date_gmt":"2025-03-24T19:14:30","guid":{"rendered":"https:\/\/gerardoduque.com.mx\/?p=35199"},"modified":"2025-03-24T13:14:35","modified_gmt":"2025-03-24T19:14:35","slug":"buscan-dar-hasta-10-anos-de-prision-para-quienes-causen-incendios-en-el-estado","status":"publish","type":"post","link":"https:\/\/gerardoduque.com.mx\/?p=35199","title":{"rendered":"BUSCAN DAR HASTA 10 A\u00d1OS DE PRISI\u00d3N PARA QUIENES CAUSEN INCENDIOS EN EL ESTADO"},"content":{"rendered":"\n<p>El Gobernador de San Luis Potos\u00ed Ricardo Gallardo Cardona, subray\u00f3 la necesidad de tratar el tema de los incendios forestales con seriedad, destacando que las autoridades est\u00e1n trabajando para controlar estas emergencias. Agreg\u00f3 que se presentar\u00e1 una iniciativa de ley que establecer\u00e1 penas de hasta 10 a\u00f1os de prisi\u00f3n para quienes sean responsables de provocarlos.<\/p>\n\n\n\n<p>Gallardo Cardona expres\u00f3 su rechazo a que este asunto se est\u00e9 politizando y enfatiz\u00f3 que los incendios son un problema recurrente que se agrava en condiciones de sequ\u00eda, como la que se vivi\u00f3 la temporada pasada. En ese sentido, se hizo un llamado a la comunidad para que se sume a los esfuerzos de prevenci\u00f3n de estos desastres.<\/p>\n\n\n\n<p>En su visita a Ciudad Valles, el Gobernador anunci\u00f3 el apoyo con equipo y en especie para los cuerpos de bomberos de la regi\u00f3n Huasteca, incluyendo a los de Ciudad Valles y Tamu\u00edn. Finalmente, el Gobernador Ricardo Gallardo reiter\u00f3 que el uso pol\u00edtico de la problem\u00e1tica de los incendios no beneficia a nadie, ya que provocar falsas alarmas s\u00f3lo causa confusi\u00f3n y temor en la poblaci\u00f3n.<\/p>\n","protected":false},"excerpt":{"rendered":"<p>El estado presentar\u00e1 una iniciativa de ley que establecer\u00e1 penas m\u00e1s severas para los que sean encontrados responsables de estos incidentes.<\/p>\n","protected":false},"author":4,"featured_media":35200,"comment_status":"closed","ping_status":"closed","sticky":false,"template":"","format":"standard","meta":{"_et_pb_use_builder":"off","_et_pb_old_content":"","_et_gb_content_width":"","footnotes":""},"categories":[412,280],"tags":[72,66],"class_list":["post-35199","post","type-post","status-publish","format-standard","has-post-thumbnail","hentry","category-destacado","category-gob-slp","tag-gobierno-del-estado","tag-san-luis-potosi"],"_links":{"self":[{"href":"https:\/\/gerardoduque.com.mx\/index.php?rest_route=\/wp\/v2\/posts\/35199","targetHints":{"allow":["GET"]}}],"collection":[{"href":"https:\/\/gerardoduque.com.mx\/index.php?rest_route=\/wp\/v2\/posts"}],"about":[{"href":"https:\/\/gerardoduque.com.mx\/index.php?rest_route=\/wp\/v2\/types\/post"}],"author":[{"embeddable":true,"href":"https:\/\/gerardoduque.com.mx\/index.php?rest_route=\/wp\/v2\/users\/4"}],"replies":[{"embeddable":true,"href":"https:\/\/gerardoduque.com.mx\/index.php?rest_route=%2Fwp%2Fv2%2Fcomments&post=35199"}],"version-history":[{"count":0,"href":"https:\/\/gerardoduque.com.mx\/index.php?rest_route=\/wp\/v2\/posts\/35199\/revisions"}],"wp:featuredmedia":[{"embeddable":true,"href":"https:\/\/gerardoduque.com.mx\/index.php?rest_route=\/wp\/v2\/media\/35200"}],"wp:attachment":[{"href":"https:\/\/gerardoduque.com.mx\/index.php?rest_route=%2Fwp%2Fv2%2Fmedia&parent=35199"}],"wp:term":[{"taxonomy":"category","embeddable":true,"href":"https:\/\/gerardoduque.com.mx\/index.php?rest_route=%2Fwp%2Fv2%2Fcategories&post=35199"},{"taxonomy":"post_tag","embeddable":true,"href":"https:\/\/gerardoduque.com.mx\/index.php?rest_route=%2Fwp%2Fv2%2Ftags&post=35199"}],"curies":[{"name":"wp","href":"https:\/\/api.w.org\/{rel}","templated":true}]}}