{"id":35184,"date":"2025-03-23T20:58:39","date_gmt":"2025-03-24T02:58:39","guid":{"rendered":"https:\/\/gerardoduque.com.mx\/?p=35184"},"modified":"2025-03-23T20:58:44","modified_gmt":"2025-03-24T02:58:44","slug":"toda-la-policia-de-tamuin-esta-bajo-investigacion-advierte-gallardo","status":"publish","type":"post","link":"https:\/\/gerardoduque.com.mx\/?p=35184","title":{"rendered":"TODA LA POLIC\u00cdA DE TAMU\u00cdN EST\u00c1 BAJO INVESTIGACI\u00d3N, ADVIERTE GALLARDO"},"content":{"rendered":"\n<p>El pasado 15 de marzo, Leonardo y Brahyan fueron privados de la libertad en el acceso principal a la comandancia de la Polic\u00eda Municipal en Tamu\u00edn, en la zona huasteca.<\/p>\n\n\n\n<p>Tras ocho d\u00edas secuestrados, los dos j\u00f3venes -ambos de dieciocho a\u00f1os de edad- hoy fueron liberados. Estaban golpeados.<\/p>\n\n\n\n<p>Los j\u00f3venes hab\u00edan pasado varias horas de arresto dentro de la comandancia Municipal debido a faltas administrativas.<\/p>\n\n\n\n<p>Al ser liberados por los agentes de la Polic\u00eda Municipal los dos j\u00f3venes fueron interceptados en el acceso principal a la comandancia. All\u00ed en la zona centro del municipio, hombres fuertemente armados y cubiertos del rostro los subieron a una camioneta y se los llevaron.<\/p>\n\n\n\n<p>Los hechos quedaron grabados en el sistema de circuito cerrado de la propia comandancia Municipal, y el video fue filtrado a trav\u00e9s de redes sociales.<\/p>\n\n\n\n<p>Pese a las evidencias, durante varios d\u00edas no hubo autoridad que se posicionara p\u00fablicamente al respecto.<\/p>\n\n\n\n<p>Fue hasta antier viernes cuando el propio alcalde Marcelino Bautista Rinc\u00f3n, reconoci\u00f3 en entrevista: \u201c<strong><em>Esperando que las autoridades que les corresponde pues hagan su trabajo en ese tema, s\u00ed sucedi\u00f3 un tema preocupante en nuestro municipio y obviamente tiene que haber una investigaci\u00f3n y deslindar responsabilidades\u2026 \u00bffueron llamados a declarar sus elementos?&#8230; s\u00ed, fueron llamados a declarar\u2026<\/em><\/strong>\u201d<\/p>\n\n\n\n<p>El alcalde Marcelino Bautista reconoci\u00f3 que el director, el subdirector,\u00bb y otros elementos m\u00e1s\u00bb de la Polic\u00eda Municipal fueron llamados a declarar ante la Fiscal\u00eda.<\/p>\n\n\n\n<p>Por su parte, el gobernador Ricardo Gallardo Cardona, expres\u00f3 tajante: \u201c<strong><em>Est\u00e1 investig\u00e1ndose toda la Polic\u00eda Municipal de Tamu\u00edn<\/em><\/strong>\u201d<\/p>\n\n\n\n<p>La tarde de hoy domingo, la Secretar\u00eda de Seguridad del Estado de San Luis Potos\u00ed confirm\u00f3 que Leonardo y Brahyan fueron localizados. Tras ser liberados por sus plagiarios el familiar de uno de los j\u00f3venes les brind\u00f3 los primeros auxilios a inmediaciones del ejido Estaci\u00f3n Tamu\u00edn.<\/p>\n\n\n\n<p>De acuerdo a lo informado esta tarde por la Guardia Civil Estatal, Leonardo y Brahyan presentaban golpes, adem\u00e1s de vendaje sobre la cabeza.<\/p>\n","protected":false},"excerpt":{"rendered":"<p>Tras el secuestro de dos j\u00f3venes en el acceso a la comandancia <\/p>\n","protected":false},"author":4,"featured_media":35185,"comment_status":"closed","ping_status":"closed","sticky":false,"template":"","format":"standard","meta":{"_et_pb_use_builder":"off","_et_pb_old_content":"","_et_gb_content_width":"","footnotes":""},"categories":[412,62],"tags":[],"class_list":["post-35184","post","type-post","status-publish","format-standard","has-post-thumbnail","hentry","category-destacado","category-redaccion"],"_links":{"self":[{"href":"https:\/\/gerardoduque.com.mx\/index.php?rest_route=\/wp\/v2\/posts\/35184","targetHints":{"allow":["GET"]}}],"collection":[{"href":"https:\/\/gerardoduque.com.mx\/index.php?rest_route=\/wp\/v2\/posts"}],"about":[{"href":"https:\/\/gerardoduque.com.mx\/index.php?rest_route=\/wp\/v2\/types\/post"}],"author":[{"embeddable":true,"href":"https:\/\/gerardoduque.com.mx\/index.php?rest_route=\/wp\/v2\/users\/4"}],"replies":[{"embeddable":true,"href":"https:\/\/gerardoduque.com.mx\/index.php?rest_route=%2Fwp%2Fv2%2Fcomments&post=35184"}],"version-history":[{"count":0,"href":"https:\/\/gerardoduque.com.mx\/index.php?rest_route=\/wp\/v2\/posts\/35184\/revisions"}],"wp:featuredmedia":[{"embeddable":true,"href":"https:\/\/gerardoduque.com.mx\/index.php?rest_route=\/wp\/v2\/media\/35185"}],"wp:attachment":[{"href":"https:\/\/gerardoduque.com.mx\/index.php?rest_route=%2Fwp%2Fv2%2Fmedia&parent=35184"}],"wp:term":[{"taxonomy":"category","embeddable":true,"href":"https:\/\/gerardoduque.com.mx\/index.php?rest_route=%2Fwp%2Fv2%2Fcategories&post=35184"},{"taxonomy":"post_tag","embeddable":true,"href":"https:\/\/gerardoduque.com.mx\/index.php?rest_route=%2Fwp%2Fv2%2Ftags&post=35184"}],"curies":[{"name":"wp","href":"https:\/\/api.w.org\/{rel}","templated":true}]}}