{"id":35134,"date":"2025-03-22T08:56:54","date_gmt":"2025-03-22T14:56:54","guid":{"rendered":"https:\/\/gerardoduque.com.mx\/?p=35134"},"modified":"2025-03-22T08:57:01","modified_gmt":"2025-03-22T14:57:01","slug":"realizaran-acciones-de-prevencion-de-explotacion-infantil-en-el-estado","status":"publish","type":"post","link":"https:\/\/gerardoduque.com.mx\/?p=35134","title":{"rendered":"REALIZAR\u00c1N ACCIONES DE PREVENCI\u00d3N DE EXPLOTACI\u00d3N INFANTIL EN EL ESTADO"},"content":{"rendered":"\n<p>El Sistema Estatal para el Desarrollo Integral de la Familia realiza permanentemente operativos de vigilancia en zonas estrat\u00e9gicas, con la finalidad de prevenir y combatir la explotaci\u00f3n infantil, que han resultado en la protecci\u00f3n de 24 menores de edad entre el a\u00f1o 2024 y lo que va del 2025.<\/p>\n\n\n\n<p>La Procuradur\u00eda de Protecci\u00f3n de Ni\u00f1as, Ni\u00f1os y Adolescentes realiza recorridos en cruceros, mercados y calles, con un equipo especializado para detectar posibles casos de vulneraci\u00f3n de derechos hac\u00eda menores y actuar en consecuencia.<\/p>\n\n\n\n<p>Tras los operativos, los menores de edad son canalizados al DIF Estatal para su representaci\u00f3n y resguardo con la colaboraci\u00f3n interinstitucional, y agreg\u00f3 que han detectado que el 80% de las ni\u00f1as, ni\u00f1os y adolescentes que se encuentran realizando alguna actividad lucrativa en las calles y cruceros de la ciudad, son originarias de pueblos originarios de estados como Oaxaca, Guerrero y Chiapas, mismos que han sido vulnerados en varios de sus derechos por su situaci\u00f3n migratoria interna.<\/p>\n\n\n\n<p>El DIF Estatal hizo un llamado a la poblaci\u00f3n a denunciar cualquier caso de explotaci\u00f3n infantil a trav\u00e9s del tel\u00e9fono: 444 198 3000, para la protecci\u00f3n de la infancia.<\/p>\n","protected":false},"excerpt":{"rendered":"<p>El DIF Estatal realiza recorridos de vigilancia en zonas estrat\u00e9gicas del estado. <\/p>\n","protected":false},"author":4,"featured_media":35135,"comment_status":"closed","ping_status":"closed","sticky":false,"template":"","format":"standard","meta":{"_et_pb_use_builder":"off","_et_pb_old_content":"","_et_gb_content_width":"","footnotes":""},"categories":[412,280],"tags":[180,72,66],"class_list":["post-35134","post","type-post","status-publish","format-standard","has-post-thumbnail","hentry","category-destacado","category-gob-slp","tag-dif-estatal","tag-gobierno-del-estado","tag-san-luis-potosi"],"_links":{"self":[{"href":"https:\/\/gerardoduque.com.mx\/index.php?rest_route=\/wp\/v2\/posts\/35134","targetHints":{"allow":["GET"]}}],"collection":[{"href":"https:\/\/gerardoduque.com.mx\/index.php?rest_route=\/wp\/v2\/posts"}],"about":[{"href":"https:\/\/gerardoduque.com.mx\/index.php?rest_route=\/wp\/v2\/types\/post"}],"author":[{"embeddable":true,"href":"https:\/\/gerardoduque.com.mx\/index.php?rest_route=\/wp\/v2\/users\/4"}],"replies":[{"embeddable":true,"href":"https:\/\/gerardoduque.com.mx\/index.php?rest_route=%2Fwp%2Fv2%2Fcomments&post=35134"}],"version-history":[{"count":0,"href":"https:\/\/gerardoduque.com.mx\/index.php?rest_route=\/wp\/v2\/posts\/35134\/revisions"}],"wp:featuredmedia":[{"embeddable":true,"href":"https:\/\/gerardoduque.com.mx\/index.php?rest_route=\/wp\/v2\/media\/35135"}],"wp:attachment":[{"href":"https:\/\/gerardoduque.com.mx\/index.php?rest_route=%2Fwp%2Fv2%2Fmedia&parent=35134"}],"wp:term":[{"taxonomy":"category","embeddable":true,"href":"https:\/\/gerardoduque.com.mx\/index.php?rest_route=%2Fwp%2Fv2%2Fcategories&post=35134"},{"taxonomy":"post_tag","embeddable":true,"href":"https:\/\/gerardoduque.com.mx\/index.php?rest_route=%2Fwp%2Fv2%2Ftags&post=35134"}],"curies":[{"name":"wp","href":"https:\/\/api.w.org\/{rel}","templated":true}]}}