{"id":35131,"date":"2025-03-21T12:25:34","date_gmt":"2025-03-21T18:25:34","guid":{"rendered":"https:\/\/gerardoduque.com.mx\/?p=35131"},"modified":"2025-03-21T12:25:40","modified_gmt":"2025-03-21T18:25:40","slug":"estado-realizo-sobrevuelos-en-incendios-forestales","status":"publish","type":"post","link":"https:\/\/gerardoduque.com.mx\/?p=35131","title":{"rendered":"ESTADO REALIZ\u00d3 SOBREVUELOS EN INCENDIOS FORESTALES"},"content":{"rendered":"\n<p>Este pasado jueves la Coordinaci\u00f3n Estatal de Protecci\u00f3n Civil realiz\u00f3 en conjunto con Comisi\u00f3n Nacional Forestal en San Luis Potos\u00ed, un sobrevuelo en los incendios forestales de Papagayos en Ciudad del Ma\u00edz y el de Ojo de Agua en El Naranjo.<\/p>\n\n\n\n<p>El director de Protecci\u00f3n Civil Estatal junto con el delegado de Conafor, llevaron a cabo el recorrido para evaluar la situaci\u00f3n de los incendios en la regi\u00f3n y determinar las acciones y estrategias necesarias para combatirlos de manera efectiva.<\/p>\n\n\n\n<p>Este tipo de an\u00e1lisis es crucial para implementar medidas adecuadas y coordinar esfuerzos entre las diferentes instituciones involucradas en la lucha contra los incendios.<\/p>\n\n\n\n<p>Hasta ese momento en estos dos incendios se cuenta con dos helic\u00f3pteros uno gestionado por la Conafor y Gobierno del Estado ante la Marina y otro MI-17 que el Ejecutivo del Estado lo gestion\u00f3 ante la Coordinaci\u00f3n Nacional de Protecci\u00f3n Civil.<\/p>\n","protected":false},"excerpt":{"rendered":"<p>Trabajaron con dos helic\u00f3pteros gestionados ante la federaci\u00f3n.<\/p>\n","protected":false},"author":4,"featured_media":35132,"comment_status":"closed","ping_status":"closed","sticky":false,"template":"","format":"standard","meta":{"_et_pb_use_builder":"off","_et_pb_old_content":"","_et_gb_content_width":"","footnotes":""},"categories":[412,280],"tags":[190,72,66],"class_list":["post-35131","post","type-post","status-publish","format-standard","has-post-thumbnail","hentry","category-destacado","category-gob-slp","tag-cepc","tag-gobierno-del-estado","tag-san-luis-potosi"],"_links":{"self":[{"href":"https:\/\/gerardoduque.com.mx\/index.php?rest_route=\/wp\/v2\/posts\/35131","targetHints":{"allow":["GET"]}}],"collection":[{"href":"https:\/\/gerardoduque.com.mx\/index.php?rest_route=\/wp\/v2\/posts"}],"about":[{"href":"https:\/\/gerardoduque.com.mx\/index.php?rest_route=\/wp\/v2\/types\/post"}],"author":[{"embeddable":true,"href":"https:\/\/gerardoduque.com.mx\/index.php?rest_route=\/wp\/v2\/users\/4"}],"replies":[{"embeddable":true,"href":"https:\/\/gerardoduque.com.mx\/index.php?rest_route=%2Fwp%2Fv2%2Fcomments&post=35131"}],"version-history":[{"count":0,"href":"https:\/\/gerardoduque.com.mx\/index.php?rest_route=\/wp\/v2\/posts\/35131\/revisions"}],"wp:featuredmedia":[{"embeddable":true,"href":"https:\/\/gerardoduque.com.mx\/index.php?rest_route=\/wp\/v2\/media\/35132"}],"wp:attachment":[{"href":"https:\/\/gerardoduque.com.mx\/index.php?rest_route=%2Fwp%2Fv2%2Fmedia&parent=35131"}],"wp:term":[{"taxonomy":"category","embeddable":true,"href":"https:\/\/gerardoduque.com.mx\/index.php?rest_route=%2Fwp%2Fv2%2Fcategories&post=35131"},{"taxonomy":"post_tag","embeddable":true,"href":"https:\/\/gerardoduque.com.mx\/index.php?rest_route=%2Fwp%2Fv2%2Ftags&post=35131"}],"curies":[{"name":"wp","href":"https:\/\/api.w.org\/{rel}","templated":true}]}}