{"id":35081,"date":"2025-03-19T12:47:40","date_gmt":"2025-03-19T18:47:40","guid":{"rendered":"https:\/\/gerardoduque.com.mx\/?p=35081"},"modified":"2025-03-19T12:47:48","modified_gmt":"2025-03-19T18:47:48","slug":"estado-prepara-iniciativa-con-penas-mas-severas-a-quienes-provoquen-incendios","status":"publish","type":"post","link":"https:\/\/gerardoduque.com.mx\/?p=35081","title":{"rendered":"ESTADO PREPARA INICIATIVA CON PENAS M\u00c1S SEVERAS A QUIENES PROVOQUEN INCENDIOS"},"content":{"rendered":"\n<p>El secretario General de Gobierno, J. Guadalupe Torres S\u00e1nchez, encabez\u00f3 una reuni\u00f3n para el an\u00e1lisis de la legislaci\u00f3n estatal y las modificaciones que sean requeridas para sancionar m\u00e1s severamente a quienes, de manera intencional provocan incendios.<\/p>\n\n\n\n<p>El secretario General de Gobierno, afirm\u00f3 que la modificaci\u00f3n a esta legislaci\u00f3n permitir\u00e1 contar con un marco normativo actual, que contemple todos los supuestos que influyen para la detonaci\u00f3n y que estos se castiguen con penas m\u00e1s severas, ya que en \u00faltimas fechas se han incrementado el n\u00famero de incidentes que afectan al medio ambiente.<\/p>\n\n\n\n<p>El Ejecutivo del Estado presentar\u00e1 al Poder Legislativo una iniciativa y reforma al c\u00f3digo penal actual, para incluir sanciones m\u00e1s severas para quienes provoquen incendios forestales, con el fin de proteger el medio ambiente y garantizar la seguridad de la poblaci\u00f3n.<\/p>\n\n\n\n<p>La iniciativa se complementa con la opini\u00f3n de personas expertas en materia de incendios forestales, y que se trabaja en la direcci\u00f3n General de Asuntos Jur\u00eddicos y la Subsecretar\u00eda de Derechos Humanos y Asuntos Jur\u00eddicos, ambas dependientes de la Secretar\u00eda General de Gobierno.<\/p>\n\n\n\n<p>La reuni\u00f3n cont\u00f3 con la presencia del subsecretario de Derechos Humanos y Asuntos Jur\u00eddicos, \u00c1ngel Gonzalo Santiago Hern\u00e1ndez; el director de la Coordinaci\u00f3n Estatal de Protecci\u00f3n Civil, Mauricio Ordaz Flores y el titular de la Promotor\u00eda de Desarrollo Forestal en el Estado, Teodoro Morales Organista.<\/p>\n","protected":false},"excerpt":{"rendered":"<p>En mesa colegiada, con opini\u00f3n t\u00e9cnica de personas expertas, se revis\u00f3 y analiz\u00f3 la legislaci\u00f3n actual para las modificaciones necesarias.<\/p>\n","protected":false},"author":4,"featured_media":35082,"comment_status":"closed","ping_status":"closed","sticky":false,"template":"","format":"standard","meta":{"_et_pb_use_builder":"off","_et_pb_old_content":"","_et_gb_content_width":"","footnotes":""},"categories":[412,280],"tags":[72,66,394],"class_list":["post-35081","post","type-post","status-publish","format-standard","has-post-thumbnail","hentry","category-destacado","category-gob-slp","tag-gobierno-del-estado","tag-san-luis-potosi","tag-sgg"],"_links":{"self":[{"href":"https:\/\/gerardoduque.com.mx\/index.php?rest_route=\/wp\/v2\/posts\/35081","targetHints":{"allow":["GET"]}}],"collection":[{"href":"https:\/\/gerardoduque.com.mx\/index.php?rest_route=\/wp\/v2\/posts"}],"about":[{"href":"https:\/\/gerardoduque.com.mx\/index.php?rest_route=\/wp\/v2\/types\/post"}],"author":[{"embeddable":true,"href":"https:\/\/gerardoduque.com.mx\/index.php?rest_route=\/wp\/v2\/users\/4"}],"replies":[{"embeddable":true,"href":"https:\/\/gerardoduque.com.mx\/index.php?rest_route=%2Fwp%2Fv2%2Fcomments&post=35081"}],"version-history":[{"count":0,"href":"https:\/\/gerardoduque.com.mx\/index.php?rest_route=\/wp\/v2\/posts\/35081\/revisions"}],"wp:featuredmedia":[{"embeddable":true,"href":"https:\/\/gerardoduque.com.mx\/index.php?rest_route=\/wp\/v2\/media\/35082"}],"wp:attachment":[{"href":"https:\/\/gerardoduque.com.mx\/index.php?rest_route=%2Fwp%2Fv2%2Fmedia&parent=35081"}],"wp:term":[{"taxonomy":"category","embeddable":true,"href":"https:\/\/gerardoduque.com.mx\/index.php?rest_route=%2Fwp%2Fv2%2Fcategories&post=35081"},{"taxonomy":"post_tag","embeddable":true,"href":"https:\/\/gerardoduque.com.mx\/index.php?rest_route=%2Fwp%2Fv2%2Ftags&post=35081"}],"curies":[{"name":"wp","href":"https:\/\/api.w.org\/{rel}","templated":true}]}}