{"id":35064,"date":"2025-03-18T20:49:44","date_gmt":"2025-03-19T02:49:44","guid":{"rendered":"https:\/\/gerardoduque.com.mx\/?p=35064"},"modified":"2025-03-18T21:06:48","modified_gmt":"2025-03-19T03:06:48","slug":"investigan-a-policias-municipales-de-tamuin","status":"publish","type":"post","link":"https:\/\/gerardoduque.com.mx\/?p=35064","title":{"rendered":"INVESTIGAN A POLIC\u00cdAS MUNICIPALES DE TAMU\u00cdN"},"content":{"rendered":"\n<p>Este martes, elementos militares y agentes de la Guardia Civil Estatal de San Luis Potos\u00ed se apostaron al exterior de la comandancia de la Polic\u00eda Municipal en Tamu\u00edn, en la Zona Huasteca.<\/p>\n\n\n\n<p>Durante todo el d\u00eda ninguna autoridad ha brindado informaci\u00f3n institucional sobre el motivo del despliegue.<\/p>\n\n\n\n<p>Sin embargo, fuentes consultadas indican que varios integrantes de la corporaci\u00f3n municipal estar\u00edan siendo investigados por su presunta coactuaci\u00f3n en casos de desaparici\u00f3n forzada registrados en la localidad.<\/p>\n\n\n\n<p>Las fuentes consultadas coinciden en que los mandos de la Polic\u00eda Municipal y algunos subordinados fueron interrogados durante la ma\u00f1ana de hoy martes por Polic\u00edas de Investigaci\u00f3n.<\/p>\n\n\n\n<p>Aunque trascendi\u00f3 que varios de ellos hab\u00edan sido detenidos, esto \u00faltimo no ha sido verificado.<\/p>\n\n\n\n<p>Se ha buscado un posicionamiento institucional de la administraci\u00f3n municipal en Tamu\u00edn, y de la Fiscal\u00eda General del Estado, pero ninguna de las instancias ha respondido a la solicitud.<\/p>\n","protected":false},"excerpt":{"rendered":"<p>Hay absoluto hermetismo de las autoridades <\/p>\n","protected":false},"author":4,"featured_media":35066,"comment_status":"closed","ping_status":"closed","sticky":false,"template":"","format":"standard","meta":{"_et_pb_use_builder":"off","_et_pb_old_content":"","_et_gb_content_width":"","footnotes":""},"categories":[412,62],"tags":[],"class_list":["post-35064","post","type-post","status-publish","format-standard","has-post-thumbnail","hentry","category-destacado","category-redaccion"],"_links":{"self":[{"href":"https:\/\/gerardoduque.com.mx\/index.php?rest_route=\/wp\/v2\/posts\/35064","targetHints":{"allow":["GET"]}}],"collection":[{"href":"https:\/\/gerardoduque.com.mx\/index.php?rest_route=\/wp\/v2\/posts"}],"about":[{"href":"https:\/\/gerardoduque.com.mx\/index.php?rest_route=\/wp\/v2\/types\/post"}],"author":[{"embeddable":true,"href":"https:\/\/gerardoduque.com.mx\/index.php?rest_route=\/wp\/v2\/users\/4"}],"replies":[{"embeddable":true,"href":"https:\/\/gerardoduque.com.mx\/index.php?rest_route=%2Fwp%2Fv2%2Fcomments&post=35064"}],"version-history":[{"count":0,"href":"https:\/\/gerardoduque.com.mx\/index.php?rest_route=\/wp\/v2\/posts\/35064\/revisions"}],"wp:featuredmedia":[{"embeddable":true,"href":"https:\/\/gerardoduque.com.mx\/index.php?rest_route=\/wp\/v2\/media\/35066"}],"wp:attachment":[{"href":"https:\/\/gerardoduque.com.mx\/index.php?rest_route=%2Fwp%2Fv2%2Fmedia&parent=35064"}],"wp:term":[{"taxonomy":"category","embeddable":true,"href":"https:\/\/gerardoduque.com.mx\/index.php?rest_route=%2Fwp%2Fv2%2Fcategories&post=35064"},{"taxonomy":"post_tag","embeddable":true,"href":"https:\/\/gerardoduque.com.mx\/index.php?rest_route=%2Fwp%2Fv2%2Ftags&post=35064"}],"curies":[{"name":"wp","href":"https:\/\/api.w.org\/{rel}","templated":true}]}}