{"id":35034,"date":"2025-03-17T10:37:31","date_gmt":"2025-03-17T16:37:31","guid":{"rendered":"https:\/\/gerardoduque.com.mx\/?p=35034"},"modified":"2025-03-17T10:37:36","modified_gmt":"2025-03-17T16:37:36","slug":"pequenita-murio-al-incendiarse-su-recamara-en-ciudad-valles","status":"publish","type":"post","link":"https:\/\/gerardoduque.com.mx\/?p=35034","title":{"rendered":"PEQUE\u00d1ITA MURI\u00d3 AL INCENDIARSE SU REC\u00c1MARA EN CIUDAD VALLES"},"content":{"rendered":"\n<p>En Valles, la madrugada de este lunes una menor de 2 a\u00f1os -identificada como Carmen Yamileth- falleci\u00f3 quemada dentro de la rec\u00e1mara donde dorm\u00eda, en un domicilio que se ubica en la calle Reforma en el barrio Las Lomas, una zona c\u00e9ntrica de la ciudad.<\/p>\n\n\n\n<p>Seg\u00fan los primeros reportes, al momento de la tragedia no hab\u00eda nadie con la beb\u00e9 en la casa. Su padre se hab\u00eda ausentado de la vivienda sin avisar, y luego su esposa sali\u00f3 a buscar al hombre, dejando a la beb\u00e9 sola.<\/p>\n\n\n\n<p>Antes de salir del domicilio, la mujer identificada como Joana hab\u00eda colocado en la ventana de la habitaci\u00f3n un repelente de zancudos encendido. El viento habr\u00eda provocado que el insecticida cayera sobre el colch\u00f3n donde dorm\u00eda la menor y eso origin\u00f3 el incendio poco antes de las tres horas.<\/p>\n\n\n\n<p>Los vecinos llamaron a los servicios de emergencia tras percatarse que de la vivienda estaba saliendo humo. Pese a la r\u00e1pida intervenci\u00f3n del cuerpo de Bomberos y de elementos de Protecci\u00f3n Civil la ni\u00f1a no pudo ser rescatada con vida, pues durante varios minutos estuvo atrapada entre el fuego.<\/p>\n\n\n\n<p>Agentes y peritos de la Fiscal\u00eda General del Estado realizan las investigaciones sobre este caso.<\/p>\n\n\n\n<p>En un hecho distinto ocurrido alrededor de seis de la ma\u00f1ana, una casa fue tambi\u00e9n consumida por el fuego en la colonia Real Campestre. En ese incendio no se reportan personas lesionadas ni p\u00e9rdidas humanas.<\/p>\n","protected":false},"excerpt":{"rendered":"<p>Su mam\u00e1 la dej\u00f3 sola en casa para ir a buscar al marido  <\/p>\n","protected":false},"author":4,"featured_media":35035,"comment_status":"closed","ping_status":"closed","sticky":false,"template":"","format":"standard","meta":{"_et_pb_use_builder":"off","_et_pb_old_content":"","_et_gb_content_width":"","footnotes":""},"categories":[412,62],"tags":[],"class_list":["post-35034","post","type-post","status-publish","format-standard","has-post-thumbnail","hentry","category-destacado","category-redaccion"],"_links":{"self":[{"href":"https:\/\/gerardoduque.com.mx\/index.php?rest_route=\/wp\/v2\/posts\/35034","targetHints":{"allow":["GET"]}}],"collection":[{"href":"https:\/\/gerardoduque.com.mx\/index.php?rest_route=\/wp\/v2\/posts"}],"about":[{"href":"https:\/\/gerardoduque.com.mx\/index.php?rest_route=\/wp\/v2\/types\/post"}],"author":[{"embeddable":true,"href":"https:\/\/gerardoduque.com.mx\/index.php?rest_route=\/wp\/v2\/users\/4"}],"replies":[{"embeddable":true,"href":"https:\/\/gerardoduque.com.mx\/index.php?rest_route=%2Fwp%2Fv2%2Fcomments&post=35034"}],"version-history":[{"count":0,"href":"https:\/\/gerardoduque.com.mx\/index.php?rest_route=\/wp\/v2\/posts\/35034\/revisions"}],"wp:featuredmedia":[{"embeddable":true,"href":"https:\/\/gerardoduque.com.mx\/index.php?rest_route=\/wp\/v2\/media\/35035"}],"wp:attachment":[{"href":"https:\/\/gerardoduque.com.mx\/index.php?rest_route=%2Fwp%2Fv2%2Fmedia&parent=35034"}],"wp:term":[{"taxonomy":"category","embeddable":true,"href":"https:\/\/gerardoduque.com.mx\/index.php?rest_route=%2Fwp%2Fv2%2Fcategories&post=35034"},{"taxonomy":"post_tag","embeddable":true,"href":"https:\/\/gerardoduque.com.mx\/index.php?rest_route=%2Fwp%2Fv2%2Ftags&post=35034"}],"curies":[{"name":"wp","href":"https:\/\/api.w.org\/{rel}","templated":true}]}}