{"id":34994,"date":"2025-03-16T09:31:09","date_gmt":"2025-03-16T15:31:09","guid":{"rendered":"https:\/\/gerardoduque.com.mx\/?p=34994"},"modified":"2025-03-16T09:31:13","modified_gmt":"2025-03-16T15:31:13","slug":"invernadero-santa-rita-se-recupera-de-crisis-estado","status":"publish","type":"post","link":"https:\/\/gerardoduque.com.mx\/?p=34994","title":{"rendered":"INVERNADERO SANTA RITA SE RECUPERA DE CRISIS: ESTADO"},"content":{"rendered":"\n<p>La Secretar\u00eda de Desarrollo Agropecuario y Recursos Hidr\u00e1ulicos inform\u00f3 que el Centro de Producci\u00f3n Agr\u00edcola de San Luis Potos\u00ed \u00abMega invernadero Santa Rita\u00bb, logr\u00f3 superar los problemas que dej\u00f3 la anterior administraci\u00f3n, por lo que comenz\u00f3 a obtener ganancias para brindar m\u00e1s apoyo a los potosinos en el \u00faltimo ciclo productivo.<\/p>\n\n\n\n<p>El titular de la Sedarh revel\u00f3 que el invernadero fue recibido en 2021 con deudas por m\u00e1s de 110 millones de pesos, y con instalaciones deterioradas, por lo que sus ingresos de dos ciclos agr\u00edcolas 2021-2022 y 2022-2023, fueron para salir de la deuda de la administraci\u00f3n pasada, y con la cosecha del 2023-2024 y con exportaciones a sus clientes en Estados Unidos, Canad\u00e1 y Jap\u00f3n, logr\u00f3 saldo positivo sobre 20 millones de pesos, que fueron destinados a los programas de impulso al campo.<\/p>\n\n\n\n<p>Adem\u00e1s, el Funcionario destac\u00f3 que con la posible imposici\u00f3n del 25 por ciento de aranceles a los productos agr\u00edcolas por el Gobierno estadounidense, los invernaderos de \u00abSanta Rita\u00bb y \u00abEl Huevo\u00bb tienen un nuevo reto, debido al riesgo de una posible ca\u00edda de sus exportaciones, sin embargo, se instruy\u00f3 la b\u00fasqueda de nuevas alternativas y mercados en otros pa\u00edses de Europa y Asia, para mantener el flujo financiero de esas compa\u00f1\u00edas paraestatales, y los empleos para los potosinos.<\/p>\n\n\n\n<p>La administraci\u00f3n estatal utiliza los ingresos y ganancia econ\u00f3mica de Santa Rita, para cumplir con el eje Campo Sostenible, del Plan Estatal de Desarrollo Agropecuario 2021-2027, en beneficio de los sectores agr\u00edcola y ganadero.<\/p>\n","protected":false},"excerpt":{"rendered":"<p>Con la cosecha del 2023-2024 y con exportaciones a sus clientes en Estados Unidos, Canad\u00e1 y Jap\u00f3n, logr\u00f3 saldo positivo sobre 20 millones de pesos: SEDARH.<\/p>\n","protected":false},"author":4,"featured_media":34995,"comment_status":"closed","ping_status":"closed","sticky":false,"template":"","format":"standard","meta":{"_et_pb_use_builder":"off","_et_pb_old_content":"","_et_gb_content_width":"","footnotes":""},"categories":[412,280],"tags":[72,66,234],"class_list":["post-34994","post","type-post","status-publish","format-standard","has-post-thumbnail","hentry","category-destacado","category-gob-slp","tag-gobierno-del-estado","tag-san-luis-potosi","tag-sedarh"],"_links":{"self":[{"href":"https:\/\/gerardoduque.com.mx\/index.php?rest_route=\/wp\/v2\/posts\/34994","targetHints":{"allow":["GET"]}}],"collection":[{"href":"https:\/\/gerardoduque.com.mx\/index.php?rest_route=\/wp\/v2\/posts"}],"about":[{"href":"https:\/\/gerardoduque.com.mx\/index.php?rest_route=\/wp\/v2\/types\/post"}],"author":[{"embeddable":true,"href":"https:\/\/gerardoduque.com.mx\/index.php?rest_route=\/wp\/v2\/users\/4"}],"replies":[{"embeddable":true,"href":"https:\/\/gerardoduque.com.mx\/index.php?rest_route=%2Fwp%2Fv2%2Fcomments&post=34994"}],"version-history":[{"count":0,"href":"https:\/\/gerardoduque.com.mx\/index.php?rest_route=\/wp\/v2\/posts\/34994\/revisions"}],"wp:featuredmedia":[{"embeddable":true,"href":"https:\/\/gerardoduque.com.mx\/index.php?rest_route=\/wp\/v2\/media\/34995"}],"wp:attachment":[{"href":"https:\/\/gerardoduque.com.mx\/index.php?rest_route=%2Fwp%2Fv2%2Fmedia&parent=34994"}],"wp:term":[{"taxonomy":"category","embeddable":true,"href":"https:\/\/gerardoduque.com.mx\/index.php?rest_route=%2Fwp%2Fv2%2Fcategories&post=34994"},{"taxonomy":"post_tag","embeddable":true,"href":"https:\/\/gerardoduque.com.mx\/index.php?rest_route=%2Fwp%2Fv2%2Ftags&post=34994"}],"curies":[{"name":"wp","href":"https:\/\/api.w.org\/{rel}","templated":true}]}}