{"id":34991,"date":"2025-03-16T09:25:26","date_gmt":"2025-03-16T15:25:26","guid":{"rendered":"https:\/\/gerardoduque.com.mx\/?p=34991"},"modified":"2025-03-16T09:25:32","modified_gmt":"2025-03-16T15:25:32","slug":"este-sabado-entro-en-operaciones-la-secretaria-de-las-mujeres-e-igualdad-sustantiva-en-slp","status":"publish","type":"post","link":"https:\/\/gerardoduque.com.mx\/?p=34991","title":{"rendered":"ESTE S\u00c1BADO, ENTR\u00d3 EN OPERACIONES LA SECRETAR\u00cdA DE LAS MUJERES E IGUALDAD SUSTANTIVA EN SLP"},"content":{"rendered":"\n<p>Este 15 de marzo, inici\u00f3 operaciones la Secretar\u00eda de las Mujeres e Igualdad Sustantiva que buscar\u00e1 fortalecer el trabajo en seguridad y protecci\u00f3n de las mujeres, luego de ser aprobada la iniciativa de ley por el Congreso de San Luis Potos\u00ed.<\/p>\n\n\n\n<p>La iniciativa aprobada por unanimidad, el 4 de marzo, a d\u00edas de conmemorar el D\u00eda Internacional de la Mujer, refrenda el compromiso del Gobernador Ricardo Gallardo Cardona con las ni\u00f1as, j\u00f3venes, adultas y adultas mayores, al consolidar la Secretar\u00eda de la Mujer, que funcionar\u00e1 al 100 por ciento como una dependencia que procure, proteja y defienda el bienestar de las potosinas en todos los rincones de San Luis Potos\u00ed.<\/p>\n\n\n\n<p>La nueva Secretar\u00eda tendr\u00e1 un presupuesto propio, lo que permitir\u00e1 contar con m\u00e1s personal, mejor infraestructura y m\u00e1s \u00e1reas de atenci\u00f3n, para garantizar y velar por la protecci\u00f3n de los derechos de las mujeres y se trabajar\u00e1 de manera coordinada con el Centro de Justicia de Mujeres.<\/p>\n","protected":false},"excerpt":{"rendered":"<p>Funcionar\u00e1 como una dependencia que procure, proteja y defienda el bienestar de las potosinas en todos los rincones de San Luis Potos\u00ed.<\/p>\n","protected":false},"author":4,"featured_media":34992,"comment_status":"closed","ping_status":"closed","sticky":false,"template":"","format":"standard","meta":{"_et_pb_use_builder":"off","_et_pb_old_content":"","_et_gb_content_width":"","footnotes":""},"categories":[412,280],"tags":[72,66],"class_list":["post-34991","post","type-post","status-publish","format-standard","has-post-thumbnail","hentry","category-destacado","category-gob-slp","tag-gobierno-del-estado","tag-san-luis-potosi"],"_links":{"self":[{"href":"https:\/\/gerardoduque.com.mx\/index.php?rest_route=\/wp\/v2\/posts\/34991","targetHints":{"allow":["GET"]}}],"collection":[{"href":"https:\/\/gerardoduque.com.mx\/index.php?rest_route=\/wp\/v2\/posts"}],"about":[{"href":"https:\/\/gerardoduque.com.mx\/index.php?rest_route=\/wp\/v2\/types\/post"}],"author":[{"embeddable":true,"href":"https:\/\/gerardoduque.com.mx\/index.php?rest_route=\/wp\/v2\/users\/4"}],"replies":[{"embeddable":true,"href":"https:\/\/gerardoduque.com.mx\/index.php?rest_route=%2Fwp%2Fv2%2Fcomments&post=34991"}],"version-history":[{"count":0,"href":"https:\/\/gerardoduque.com.mx\/index.php?rest_route=\/wp\/v2\/posts\/34991\/revisions"}],"wp:featuredmedia":[{"embeddable":true,"href":"https:\/\/gerardoduque.com.mx\/index.php?rest_route=\/wp\/v2\/media\/34992"}],"wp:attachment":[{"href":"https:\/\/gerardoduque.com.mx\/index.php?rest_route=%2Fwp%2Fv2%2Fmedia&parent=34991"}],"wp:term":[{"taxonomy":"category","embeddable":true,"href":"https:\/\/gerardoduque.com.mx\/index.php?rest_route=%2Fwp%2Fv2%2Fcategories&post=34991"},{"taxonomy":"post_tag","embeddable":true,"href":"https:\/\/gerardoduque.com.mx\/index.php?rest_route=%2Fwp%2Fv2%2Ftags&post=34991"}],"curies":[{"name":"wp","href":"https:\/\/api.w.org\/{rel}","templated":true}]}}