{"id":34868,"date":"2025-03-14T06:29:47","date_gmt":"2025-03-14T12:29:47","guid":{"rendered":"https:\/\/gerardoduque.com.mx\/?p=34868"},"modified":"2025-03-14T06:29:52","modified_gmt":"2025-03-14T12:29:52","slug":"generan-propuesta-de-sancionar-a-quienes-provoquen-incendios-en-el-estado","status":"publish","type":"post","link":"https:\/\/gerardoduque.com.mx\/?p=34868","title":{"rendered":"GENERAN PROPUESTA DE SANCIONAR A QUIENES PROVOQUEN INCENDIOS EN EL ESTADO"},"content":{"rendered":"\n<p>La Secretar\u00eda General de Gobierno prepara la iniciativa para penalizar con mayor carga de responsabilidad a quienes provoquen incendios en cualquier parte del Estado, acorde a la cantidad de incidentes reportados en \u00faltimas fechas y para contar con un marco legal que penalice esas conductas.<\/p>\n\n\n\n<p>La iniciativa est\u00e1 en an\u00e1lisis y ser\u00e1 presentada al Poder Legislativo la pr\u00f3xima semana. Se dijo que, como autoridad responsable, se trabajar\u00e1 en nuevos esquemas de sanciones ejemplares, y por ello es muy necesario legislar en torno al tema, sobre todo con las reformas necesarias al C\u00f3digo Penal y todo lo que involucra la normatividad.<\/p>\n\n\n\n<p>Se espera que a trav\u00e9s de sanciones m\u00e1s severas podr\u00e1n erradicar estas conductas que son irresponsables. Se espera que la pr\u00f3xima semana esta iniciativa se presente a la Oficial\u00eda de Partes del Congreso del Estado para que se analice en las comisiones legislativas de Justicia y Seguridad P\u00fablica.<\/p>\n\n\n\n<p>Por otra parte, se detall\u00f3 que el Gobierno del Estado cuenta con un grupo interinstitucional para hacer frente a los incendios en diversas partes del Estado, y dio a conocer que actualmente hay activos dos en el municipio de El Naranjo, dos en Tamasopo y uno en Villa de Zaragoza, adem\u00e1s de 21 incendios en lo que va del a\u00f1o, con un aproximado de 800 hect\u00e1reas da\u00f1adas, lo que revela la urgencia de presentar esta iniciativa para penalizar la conducta de aquellas personas que provoquen alg\u00fan incendio.<\/p>\n","protected":false},"excerpt":{"rendered":"<p>La iniciativa est\u00e1 en an\u00e1lisis y ser\u00e1 presentada al Poder Legislativo la pr\u00f3xima semana. <\/p>\n","protected":false},"author":4,"featured_media":33679,"comment_status":"closed","ping_status":"closed","sticky":false,"template":"","format":"standard","meta":{"_et_pb_use_builder":"off","_et_pb_old_content":"","_et_gb_content_width":"","footnotes":""},"categories":[412,280],"tags":[72,66,394],"class_list":["post-34868","post","type-post","status-publish","format-standard","has-post-thumbnail","hentry","category-destacado","category-gob-slp","tag-gobierno-del-estado","tag-san-luis-potosi","tag-sgg"],"_links":{"self":[{"href":"https:\/\/gerardoduque.com.mx\/index.php?rest_route=\/wp\/v2\/posts\/34868","targetHints":{"allow":["GET"]}}],"collection":[{"href":"https:\/\/gerardoduque.com.mx\/index.php?rest_route=\/wp\/v2\/posts"}],"about":[{"href":"https:\/\/gerardoduque.com.mx\/index.php?rest_route=\/wp\/v2\/types\/post"}],"author":[{"embeddable":true,"href":"https:\/\/gerardoduque.com.mx\/index.php?rest_route=\/wp\/v2\/users\/4"}],"replies":[{"embeddable":true,"href":"https:\/\/gerardoduque.com.mx\/index.php?rest_route=%2Fwp%2Fv2%2Fcomments&post=34868"}],"version-history":[{"count":0,"href":"https:\/\/gerardoduque.com.mx\/index.php?rest_route=\/wp\/v2\/posts\/34868\/revisions"}],"wp:featuredmedia":[{"embeddable":true,"href":"https:\/\/gerardoduque.com.mx\/index.php?rest_route=\/wp\/v2\/media\/33679"}],"wp:attachment":[{"href":"https:\/\/gerardoduque.com.mx\/index.php?rest_route=%2Fwp%2Fv2%2Fmedia&parent=34868"}],"wp:term":[{"taxonomy":"category","embeddable":true,"href":"https:\/\/gerardoduque.com.mx\/index.php?rest_route=%2Fwp%2Fv2%2Fcategories&post=34868"},{"taxonomy":"post_tag","embeddable":true,"href":"https:\/\/gerardoduque.com.mx\/index.php?rest_route=%2Fwp%2Fv2%2Ftags&post=34868"}],"curies":[{"name":"wp","href":"https:\/\/api.w.org\/{rel}","templated":true}]}}