{"id":34865,"date":"2025-03-13T23:30:51","date_gmt":"2025-03-14T05:30:51","guid":{"rendered":"https:\/\/gerardoduque.com.mx\/?p=34865"},"modified":"2025-03-13T23:30:54","modified_gmt":"2025-03-14T05:30:54","slug":"hijo-del-alcalde-galindo-protagoniza-golpiza-en-la-capital-potosina-no-fue-detenido","status":"publish","type":"post","link":"https:\/\/gerardoduque.com.mx\/?p=34865","title":{"rendered":"HIJO DEL ALCALDE GALINDO PROTAGONIZA GOLPIZA EN LA CAPITAL POTOSINA; NO FUE DETENIDO"},"content":{"rendered":"\n<p>Sebasti\u00e1n Galindo Arriaga, hijo del presidente municipal de San Luis Potos\u00ed, est\u00e1 involucrado en otro esc\u00e1ndalo . <\/p>\n\n\n\n<p>Adem\u00e1s, la mam\u00e1 de Sebasti\u00e1n Galindo Arriaga es Estela Arriaga M\u00e1rquez, actual Senadora (suplente) de la Rep\u00fablica, por el Partido Acci\u00f3n Nacional.<\/p>\n\n\n\n<p>Seg\u00fan informaci\u00f3n revelada a trav\u00e9s del Grupo Editorial REFORMA, Sebasti\u00e1n Galindo Arriaga y otros sujetos que lo acompa\u00f1aban arremetieron brutalmente en contra de un ciudadano.<\/p>\n\n\n\n<p>Los hechos fueron grabados en video.<\/p>\n\n\n\n<p>El joven, v\u00edctima de la golpiza, qued\u00f3 inconsciente. Aun as\u00ed, Sebasti\u00e1n Galindo Arriaga y sus acompa\u00f1antes lo siguieron pateando cuando ya estaba tendido en el suelo.<\/p>\n\n\n\n<p>Una mujer tambi\u00e9n fue agredida. La joven fue a dar al piso tras ser embestida por uno de los individuos que acompa\u00f1aban al hijo del alcalde Enrique Galindo.<\/p>\n\n\n\n<p>La golpiza ocurri\u00f3 al exterior de una cantina denominada \u201cEl Encanto\u201d, en el exclusivo sector de \u201cLomas\u201d en la capital potosina.<\/p>\n\n\n\n<p>El ataque qued\u00f3 grabado en video y se observa que tambi\u00e9n interviene al menos un hombre identificado como \u201cguardaespaldas\u201d de Sebasti\u00e1n Galindo.<\/p>\n\n\n\n<p>Aunque las im\u00e1genes comenzaron a circular en redes sociales este jueves, la agresi\u00f3n habr\u00eda ocurrido el pasado fin de semana, seg\u00fan inform\u00f3 Editorial REFORMA.<\/p>\n\n\n\n<p>Han transcurrido al menos cinco d\u00edas y el presidente municipal no ha dado al respecto un posicionamiento p\u00fablico, amplio y claro.<\/p>\n\n\n\n<p>Luego de la agresi\u00f3n, el hijo de Enrique Galindo y sus acompa\u00f1antes se retiraron del lugar.<\/p>\n\n\n\n<p>Pese a que los hechos ocurrieron en la v\u00eda p\u00fablica, ninguno de ellos fue detenido por la Polic\u00eda.<\/p>\n\n\n\n<p>Este no es el primer episodio de violencia y prepotencia protagonizado por el hijo de Enrique Galindo Ceballos.<\/p>\n\n\n\n<p>Con anterioridad ya se han hecho p\u00fablicos m\u00e1s desplantes y agresiones por parte de Sebasti\u00e1n Galindo.<\/p>\n","protected":false},"excerpt":{"rendered":"<p>Sigui\u00f3 pateando a la v\u00edctima que ya estaba inconsciente en el suelo  <\/p>\n","protected":false},"author":4,"featured_media":34866,"comment_status":"closed","ping_status":"closed","sticky":false,"template":"","format":"standard","meta":{"_et_pb_use_builder":"off","_et_pb_old_content":"","_et_gb_content_width":"","footnotes":""},"categories":[412,62],"tags":[],"class_list":["post-34865","post","type-post","status-publish","format-standard","has-post-thumbnail","hentry","category-destacado","category-redaccion"],"_links":{"self":[{"href":"https:\/\/gerardoduque.com.mx\/index.php?rest_route=\/wp\/v2\/posts\/34865","targetHints":{"allow":["GET"]}}],"collection":[{"href":"https:\/\/gerardoduque.com.mx\/index.php?rest_route=\/wp\/v2\/posts"}],"about":[{"href":"https:\/\/gerardoduque.com.mx\/index.php?rest_route=\/wp\/v2\/types\/post"}],"author":[{"embeddable":true,"href":"https:\/\/gerardoduque.com.mx\/index.php?rest_route=\/wp\/v2\/users\/4"}],"replies":[{"embeddable":true,"href":"https:\/\/gerardoduque.com.mx\/index.php?rest_route=%2Fwp%2Fv2%2Fcomments&post=34865"}],"version-history":[{"count":0,"href":"https:\/\/gerardoduque.com.mx\/index.php?rest_route=\/wp\/v2\/posts\/34865\/revisions"}],"wp:featuredmedia":[{"embeddable":true,"href":"https:\/\/gerardoduque.com.mx\/index.php?rest_route=\/wp\/v2\/media\/34866"}],"wp:attachment":[{"href":"https:\/\/gerardoduque.com.mx\/index.php?rest_route=%2Fwp%2Fv2%2Fmedia&parent=34865"}],"wp:term":[{"taxonomy":"category","embeddable":true,"href":"https:\/\/gerardoduque.com.mx\/index.php?rest_route=%2Fwp%2Fv2%2Fcategories&post=34865"},{"taxonomy":"post_tag","embeddable":true,"href":"https:\/\/gerardoduque.com.mx\/index.php?rest_route=%2Fwp%2Fv2%2Ftags&post=34865"}],"curies":[{"name":"wp","href":"https:\/\/api.w.org\/{rel}","templated":true}]}}