{"id":34844,"date":"2025-03-13T07:04:12","date_gmt":"2025-03-13T13:04:12","guid":{"rendered":"https:\/\/gerardoduque.com.mx\/?p=34844"},"modified":"2025-03-13T07:04:17","modified_gmt":"2025-03-13T13:04:17","slug":"anuncian-construccion-de-presa-las-escobas-para-abasto-de-agua-a-slp","status":"publish","type":"post","link":"https:\/\/gerardoduque.com.mx\/?p=34844","title":{"rendered":"ANUNCIAN CONSTRUCCI\u00d3N DE PRESA LAS ESCOBAS PARA ABASTO DE AGUA A SLP"},"content":{"rendered":"\n<p>Para garantizar el abastecimiento de agua a la ciudad de San Luis Potos\u00ed durante los pr\u00f3ximos a\u00f1os, el Gobierno del Estado inform\u00f3 que se destinar\u00e1 una inversi\u00f3n bipartita Estatal y Federal de 600 millones de pesos, para iniciar la construcci\u00f3n de la presa Las Escobas, proyectando que esta nueva infraestructura hidr\u00e1ulica ser\u00e1 concluida para el a\u00f1o 2026.&nbsp;<\/p>\n\n\n\n<p>El Mandatario Estatal destac\u00f3 la importancia de la construcci\u00f3n de esta presa, que coadyuvar\u00e1 al abasto de agua en la ciudad, ya que con su ubicaci\u00f3n detr\u00e1s de la presa de San Jos\u00e9, evitar\u00e1 el desperdicio durante la \u00e9poca de lluvias, que ser\u00e1 resguardada para el consumo de la poblaci\u00f3n.&nbsp;<\/p>\n\n\n\n<p>Gallardo Cardona detall\u00f3 que actualmente realizan los proyectos ejecutivos y estim\u00f3 que ser\u00e1 en el mes de agosto de este a\u00f1o, cuando inicie la obra hidr\u00e1ulica conjunta, que quedar\u00e1 finalizada en 2026, con un caudal de 200 litros por segundo.<\/p>\n\n\n\n<p>Tambi\u00e9n coment\u00f3 que este proyecto se enmarca dentro del Plan Nacional H\u00eddrico para garantizar el derecho humano al agua y que representa una inversi\u00f3n total durante su sexenio, de m\u00e1s de 122 mil 600 millones de pesos, para beneficio de 36 millones de mexicanas y mexicanos.<\/p>\n","protected":false},"excerpt":{"rendered":"<p>En agosto iniciar\u00e1 su construcci\u00f3n, con una inversi\u00f3n bipartita Federal y Estatal de 600 millones de pesos, para finalizarla en 2026<\/p>\n","protected":false},"author":4,"featured_media":29414,"comment_status":"closed","ping_status":"closed","sticky":false,"template":"","format":"standard","meta":{"_et_pb_use_builder":"off","_et_pb_old_content":"","_et_gb_content_width":"","footnotes":""},"categories":[412,280],"tags":[72,66],"class_list":["post-34844","post","type-post","status-publish","format-standard","has-post-thumbnail","hentry","category-destacado","category-gob-slp","tag-gobierno-del-estado","tag-san-luis-potosi"],"_links":{"self":[{"href":"https:\/\/gerardoduque.com.mx\/index.php?rest_route=\/wp\/v2\/posts\/34844","targetHints":{"allow":["GET"]}}],"collection":[{"href":"https:\/\/gerardoduque.com.mx\/index.php?rest_route=\/wp\/v2\/posts"}],"about":[{"href":"https:\/\/gerardoduque.com.mx\/index.php?rest_route=\/wp\/v2\/types\/post"}],"author":[{"embeddable":true,"href":"https:\/\/gerardoduque.com.mx\/index.php?rest_route=\/wp\/v2\/users\/4"}],"replies":[{"embeddable":true,"href":"https:\/\/gerardoduque.com.mx\/index.php?rest_route=%2Fwp%2Fv2%2Fcomments&post=34844"}],"version-history":[{"count":0,"href":"https:\/\/gerardoduque.com.mx\/index.php?rest_route=\/wp\/v2\/posts\/34844\/revisions"}],"wp:featuredmedia":[{"embeddable":true,"href":"https:\/\/gerardoduque.com.mx\/index.php?rest_route=\/wp\/v2\/media\/29414"}],"wp:attachment":[{"href":"https:\/\/gerardoduque.com.mx\/index.php?rest_route=%2Fwp%2Fv2%2Fmedia&parent=34844"}],"wp:term":[{"taxonomy":"category","embeddable":true,"href":"https:\/\/gerardoduque.com.mx\/index.php?rest_route=%2Fwp%2Fv2%2Fcategories&post=34844"},{"taxonomy":"post_tag","embeddable":true,"href":"https:\/\/gerardoduque.com.mx\/index.php?rest_route=%2Fwp%2Fv2%2Ftags&post=34844"}],"curies":[{"name":"wp","href":"https:\/\/api.w.org\/{rel}","templated":true}]}}