{"id":34773,"date":"2025-03-10T19:21:30","date_gmt":"2025-03-11T01:21:30","guid":{"rendered":"https:\/\/gerardoduque.com.mx\/?p=34773"},"modified":"2025-03-10T21:08:27","modified_gmt":"2025-03-11T03:08:27","slug":"como-viles-delincuentes-agentes-de-gce-en-matehuala","status":"publish","type":"post","link":"https:\/\/gerardoduque.com.mx\/?p=34773","title":{"rendered":"COMO DELINCUENTES, AGENTES ESTATALES EN MATEHUALA"},"content":{"rendered":"\n<p><strong>POR: Magui L\u00f3pez <\/strong><\/p>\n\n\n\n<p>Dos ciudadanos interpusieron una demanda por el delito de lesiones, en contra de elementos de la Guardia Civil Estatal de San Luis Potos\u00ed.<\/p>\n\n\n\n<p>De acuerdo a la denuncia de las v\u00edctimas, la madrugada de este s\u00e1bado, alrededor de las 3:25 horas, cuando se encontraban en el bar \u201cEl P\u00e1jaro Loco\u201d, el cual se ubica en la calle Guerrero de la zona centro de Matehuala, esperando a que una de las empleadas terminara su turno para irse, ingresaron elementos de la Guardia Civil Estatal la golpearon y destruyeron su celular.<\/p>\n\n\n\n<p>Al llegar a la barra, uno de los afectados de nombre Claudio, se\u00f1al\u00f3 que estaban de cinco a seis elementos apunt\u00e1ndoles con sus armas y al preguntar qu\u00e9 hab\u00eda pasado uno de los polic\u00edas que portaba arma larga (sin equipo t\u00e1ctico), mismo que fue identificado como el jefe regional de la GCE en Matehuala, se le fue a los golpes, mientras que otro efectivo se le abalanz\u00f3 dici\u00e9ndole textualmente \u201cT\u00fa a qu\u00e9 v3rg@s te metes, ya vete\u201d, y al preguntar por qu\u00e9 le hab\u00edan roto el celular, le respondi\u00f3 con varios golpes (al menos seis) en el rostro.<\/p>\n\n\n\n<p>Al intentar cubrirse detr\u00e1s de la barra, otros tres elementos lo jalaron de la camisa amenaz\u00e1ndolo con matarlo \u201cTe vamos a m@t@r a la v3rg@, no te creas muy ching\u00f3n\u201d<\/p>\n\n\n\n<p>Despu\u00e9s de sacarlo del bar continuaron peg\u00e1ndole con los pu\u00f1os pregunt\u00e1ndole que a qu\u00e9 se dedicaba y qu\u00e9 hac\u00eda ah\u00ed , y al responder que era tatuador lo dejaron de golpear y se fueron en las patrulla, una Durango con n\u00famero econ\u00f3mico 2850 y otra camioneta Pick up, sin detener a nadie, como viles delincuentes tras cometer una fechor\u00eda.<\/p>\n\n\n\n<p>En tanto uno de los agraviados se\u00f1al\u00f3 que tambi\u00e9n fue v\u00edctima de varios golpes y patadas al intentar defender a su amigo.<\/p>\n","protected":false},"excerpt":{"rendered":"<p>Estatales ingresaron a un bar a golpear y amenazar gente<\/p>\n","protected":false},"author":4,"featured_media":34774,"comment_status":"closed","ping_status":"closed","sticky":false,"template":"","format":"standard","meta":{"_et_pb_use_builder":"off","_et_pb_old_content":"","_et_gb_content_width":"","footnotes":""},"categories":[412,62],"tags":[],"class_list":["post-34773","post","type-post","status-publish","format-standard","has-post-thumbnail","hentry","category-destacado","category-redaccion"],"_links":{"self":[{"href":"https:\/\/gerardoduque.com.mx\/index.php?rest_route=\/wp\/v2\/posts\/34773","targetHints":{"allow":["GET"]}}],"collection":[{"href":"https:\/\/gerardoduque.com.mx\/index.php?rest_route=\/wp\/v2\/posts"}],"about":[{"href":"https:\/\/gerardoduque.com.mx\/index.php?rest_route=\/wp\/v2\/types\/post"}],"author":[{"embeddable":true,"href":"https:\/\/gerardoduque.com.mx\/index.php?rest_route=\/wp\/v2\/users\/4"}],"replies":[{"embeddable":true,"href":"https:\/\/gerardoduque.com.mx\/index.php?rest_route=%2Fwp%2Fv2%2Fcomments&post=34773"}],"version-history":[{"count":0,"href":"https:\/\/gerardoduque.com.mx\/index.php?rest_route=\/wp\/v2\/posts\/34773\/revisions"}],"wp:featuredmedia":[{"embeddable":true,"href":"https:\/\/gerardoduque.com.mx\/index.php?rest_route=\/wp\/v2\/media\/34774"}],"wp:attachment":[{"href":"https:\/\/gerardoduque.com.mx\/index.php?rest_route=%2Fwp%2Fv2%2Fmedia&parent=34773"}],"wp:term":[{"taxonomy":"category","embeddable":true,"href":"https:\/\/gerardoduque.com.mx\/index.php?rest_route=%2Fwp%2Fv2%2Fcategories&post=34773"},{"taxonomy":"post_tag","embeddable":true,"href":"https:\/\/gerardoduque.com.mx\/index.php?rest_route=%2Fwp%2Fv2%2Ftags&post=34773"}],"curies":[{"name":"wp","href":"https:\/\/api.w.org\/{rel}","templated":true}]}}