{"id":34726,"date":"2025-03-08T13:13:09","date_gmt":"2025-03-08T19:13:09","guid":{"rendered":"https:\/\/gerardoduque.com.mx\/?p=34726"},"modified":"2025-03-08T13:16:01","modified_gmt":"2025-03-08T19:16:01","slug":"mision-al-espacio-fue-enviada-por-estudiantes-del-ceesuv-en-valles","status":"publish","type":"post","link":"https:\/\/gerardoduque.com.mx\/?p=34726","title":{"rendered":"MISI\u00d3N AL ESPACIO FUE ENVIADA POR ESTUDIANTES DEL CEESUV EN VALLES"},"content":{"rendered":"\n<p>En un hecho hist\u00f3rico para el estado de San Luis Potos\u00ed, un grupo de ni\u00f1os y adolescentes estudiantes lanzaron desde Ciudad Valles una sonda espacial que sobrevol\u00f3 parte de la regi\u00f3n huasteca.<\/p>\n\n\n\n<p>El dispositivo de exploraci\u00f3n se elev\u00f3 a una altura de veinticinco kil\u00f3metros y alcanz\u00f3 una velocidad de cinco metros por segundo.<\/p>\n\n\n\n<p>La sonda estuvo expuesta a temperaturas de -50 grados cent\u00edgrados<\/p>\n\n\n\n<p>Alumnos y profesores elaboraron el dispositivo con materiales reciclados.<\/p>\n\n\n\n<p>\u201c<strong><em>Yo me sent\u00ed feliz porque hab\u00edamos logrado lo que a muchos se les da por dif\u00edcil<\/em><\/strong>\u201d, expres\u00f3 Miguel Soto, alumno de nivel secundaria del Centro de Estudios Elementales y Superiores de Valles.<\/p>\n\n\n\n<p>Gilda Guadalupe Rom\u00e1n es estudiante de bachillerato en el mismo colegio:<strong><em> \u201cLa verdad al inicio no me la cre\u00eda porque dec\u00eda, \u00bfqu\u00e9?, c\u00f3mo es posible que nosotros podamos lanzar algo al espacio y c\u00f3mo puede regresar intacto eso, era algo que me emocionado mucho\u2026\u201d<\/em><\/strong><\/p>\n\n\n\n<p>La directora del CEESUV, maestra Martha Elba Sandoval se mostr\u00f3 conmovida.<strong><em> \u201cLos sentimientos que se conjugaron fue indescriptible\u2026estaban los pap\u00e1s emocionad\u00edsimos, hay tanto potencial en los ni\u00f1os, que, si los involucramos en cuestiones de ciencia o de historia, o en diferentes temas, los ni\u00f1os no tienen l\u00edmite para para aprender y para exponer y para aportar ideas\u2026\u201d,<\/em><\/strong> expres\u00f3 la maestra Martha.<\/p>\n\n\n\n<p>Una cucharada del tradicional \u201czacahuil\u201d lleg\u00f3 hasta la estrat\u00f3sfera, pues iba dentro de la c\u00e1psula.<\/p>\n\n\n\n<p>En las im\u00e1genes videograbadas desde la sonda incluso se observa la curvatura de nuestro planeta.<\/p>\n\n\n\n<p><strong><em>\u201cLo segu\u00edamos En Vivo en una tele, se nos desconect\u00f3 por unos momentos, pero ya unos momentos despu\u00e9s ya la volvimos a ver\u2026 pues que s\u00ed estaba completa y nuestro proyecto si funcion\u00f3, pudimos ver el borde de la Tierra, me dio felicidad que nuestro proyecto que trabajamos entre varios, en equipo, lo logramos\u2026\u201d<\/em><\/strong>, narr\u00f3 Miguel Soto.<\/p>\n\n\n\n<p>Este proyecto escolar se puso en conocimiento de la SEDENA, de Protecci\u00f3n civil, Bomberos, Cruz Roja y Seguridad P\u00fablica. Tras cinco horas de seguimiento, la misi\u00f3n concluy\u00f3 entre sembrad\u00edos.<\/p>\n\n\n\n<p>Un campesino encontr\u00f3 la sonda y se comunic\u00f3 al CEESUV para devolverla.<\/p>\n\n\n\n<p>El licenciado Ricardo Balderrama explic\u00f3: <strong><em>\u201cHay mucha investigaci\u00f3n, hay muchos c\u00e1lculos, hay muchas cosas involucradas que parece muy sencillo al final, pero eso lo estuvieron viendo en distintas materias\u2026\u201d<\/em><\/strong><\/p>\n\n\n\n<p>Por su parte, Jaime Gonz\u00e1lez docente en el CEESUV puntualiz\u00f3: <strong><em>\u201cLa mandamos a un ambiente inh\u00f3spito, pero la mandamos bien preparada, bien construida para que el globo y el paraca\u00eddas que inclu\u00edan pudieran soportar\u2026\u201d<\/em><\/strong><\/p>\n\n\n\n<p>Sebasti\u00e1n es alumno en el mismo colegio y tambi\u00e9n estuvo involucrado en el proyecto. \u00c9l est\u00e1 por concluir el bachillerato y anhela convertirse en Ingeniero Ambiental.<\/p>\n\n\n\n<p><strong><em>\u201cVeo todav\u00eda que queda algo por salvar, algo por salvar, algo por seguir adelante, que aqu\u00ed podamos salir, podamos disfrutar de la vista de los \u00e1rboles, del aire limpio, animales, ver vida en nuestra zona\u2026<\/em><\/strong>\u201d<\/p>\n","protected":false},"excerpt":{"rendered":"<p>Es un hecho hist\u00f3rico en el estado de San Luis Potos\u00ed <\/p>\n","protected":false},"author":4,"featured_media":34727,"comment_status":"closed","ping_status":"closed","sticky":false,"template":"","format":"standard","meta":{"_et_pb_use_builder":"off","_et_pb_old_content":"","_et_gb_content_width":"","footnotes":""},"categories":[412,62],"tags":[],"class_list":["post-34726","post","type-post","status-publish","format-standard","has-post-thumbnail","hentry","category-destacado","category-redaccion"],"_links":{"self":[{"href":"https:\/\/gerardoduque.com.mx\/index.php?rest_route=\/wp\/v2\/posts\/34726","targetHints":{"allow":["GET"]}}],"collection":[{"href":"https:\/\/gerardoduque.com.mx\/index.php?rest_route=\/wp\/v2\/posts"}],"about":[{"href":"https:\/\/gerardoduque.com.mx\/index.php?rest_route=\/wp\/v2\/types\/post"}],"author":[{"embeddable":true,"href":"https:\/\/gerardoduque.com.mx\/index.php?rest_route=\/wp\/v2\/users\/4"}],"replies":[{"embeddable":true,"href":"https:\/\/gerardoduque.com.mx\/index.php?rest_route=%2Fwp%2Fv2%2Fcomments&post=34726"}],"version-history":[{"count":0,"href":"https:\/\/gerardoduque.com.mx\/index.php?rest_route=\/wp\/v2\/posts\/34726\/revisions"}],"wp:featuredmedia":[{"embeddable":true,"href":"https:\/\/gerardoduque.com.mx\/index.php?rest_route=\/wp\/v2\/media\/34727"}],"wp:attachment":[{"href":"https:\/\/gerardoduque.com.mx\/index.php?rest_route=%2Fwp%2Fv2%2Fmedia&parent=34726"}],"wp:term":[{"taxonomy":"category","embeddable":true,"href":"https:\/\/gerardoduque.com.mx\/index.php?rest_route=%2Fwp%2Fv2%2Fcategories&post=34726"},{"taxonomy":"post_tag","embeddable":true,"href":"https:\/\/gerardoduque.com.mx\/index.php?rest_route=%2Fwp%2Fv2%2Ftags&post=34726"}],"curies":[{"name":"wp","href":"https:\/\/api.w.org\/{rel}","templated":true}]}}