{"id":34671,"date":"2025-03-07T00:12:27","date_gmt":"2025-03-07T06:12:27","guid":{"rendered":"https:\/\/gerardoduque.com.mx\/?p=34671"},"modified":"2025-03-07T00:12:36","modified_gmt":"2025-03-07T06:12:36","slug":"memorial-dedicado-a-desaparecidos-sera-colocado-en-rioverde","status":"publish","type":"post","link":"https:\/\/gerardoduque.com.mx\/?p=34671","title":{"rendered":"MEMORIAL DEDICADO A DESAPARECIDOS SER\u00c1 COLOCADO EN RIOVERDE"},"content":{"rendered":"\n<p>El proyecto Narrativas Dignas, en alianza con el colectivo Voz Y Dignidad Por Los Nuestros San Luis Potos\u00ed, invitan a familiares de personas desaparecidas en Rioverde y Ciudad Fern\u00e1ndez a participar en el Memorial para Perla Padr\u00f3n y v\u00edctimas de desaparici\u00f3n, que se instalar\u00e1 el pr\u00f3ximo 14 de junio en la ciudad de Rioverde.<\/p>\n\n\n\n<p>Si quieres que la ficha de b\u00fasqueda de tu ser queridx desaparecidx est\u00e9 en el Memorial, puedes enviarla de la siguiente forma:<\/p>\n\n\n\n<p>&#8211; Al mail: narrativasdignas@gmail.com<\/p>\n\n\n\n<p>&#8211; Mensaje directo por instagram: @narrativasdignas<\/p>\n\n\n\n<p>&#8211; Al siguiente formulario de Google: <a href=\"https:\/\/forms.gle\/JZfzBvf7t8gmaGcM6?fbclid=IwZXh0bgNhZW0CMTAAAR2F_FgbSQ10TOpOECLdxmvkuKB8Zoi8nBel6Iil2j1NZCbMDch9gU6b7cA_aem_3EjyF2DSmqtNBEGz4iKpJA\" rel=\"noreferrer noopener\" target=\"_blank\">https:\/\/forms.gle\/JZfzBvf7t8gmaGcM6<\/a><\/p>\n\n\n\n<p>Tienes hasta el 17 de marzo para enviar la ficha de b\u00fasqueda.<\/p>\n\n\n\n<p>Tendremos una videollamada informativa el domingo 9 de marzo a las 10 am, escr\u00edbenos para m\u00e1s informaci\u00f3n.<\/p>\n\n\n\n<p>Consulta los detalles y requisitos en la siguiente imagen<\/p>\n\n\n\n<figure class=\"wp-block-image size-large\"><img decoding=\"async\" width=\"1024\" height=\"791\" src=\"https:\/\/gerardoduque.com.mx\/wp-content\/uploads\/2025\/03\/convocatoria-1024x791.jpg\" alt=\"\" class=\"wp-image-34673\" srcset=\"https:\/\/gerardoduque.com.mx\/wp-content\/uploads\/2025\/03\/convocatoria-980x757.jpg 980w, https:\/\/gerardoduque.com.mx\/wp-content\/uploads\/2025\/03\/convocatoria-480x371.jpg 480w\" sizes=\"(min-width: 0px) and (max-width: 480px) 480px, (min-width: 481px) and (max-width: 980px) 980px, (min-width: 981px) 1024px, 100vw\" \/><\/figure>\n","protected":false},"excerpt":{"rendered":"<p>Las familias pueden ser parte de este homenaje <\/p>\n","protected":false},"author":4,"featured_media":34672,"comment_status":"closed","ping_status":"closed","sticky":false,"template":"","format":"standard","meta":{"_et_pb_use_builder":"off","_et_pb_old_content":"","_et_gb_content_width":"","footnotes":""},"categories":[412,62],"tags":[],"class_list":["post-34671","post","type-post","status-publish","format-standard","has-post-thumbnail","hentry","category-destacado","category-redaccion"],"_links":{"self":[{"href":"https:\/\/gerardoduque.com.mx\/index.php?rest_route=\/wp\/v2\/posts\/34671","targetHints":{"allow":["GET"]}}],"collection":[{"href":"https:\/\/gerardoduque.com.mx\/index.php?rest_route=\/wp\/v2\/posts"}],"about":[{"href":"https:\/\/gerardoduque.com.mx\/index.php?rest_route=\/wp\/v2\/types\/post"}],"author":[{"embeddable":true,"href":"https:\/\/gerardoduque.com.mx\/index.php?rest_route=\/wp\/v2\/users\/4"}],"replies":[{"embeddable":true,"href":"https:\/\/gerardoduque.com.mx\/index.php?rest_route=%2Fwp%2Fv2%2Fcomments&post=34671"}],"version-history":[{"count":0,"href":"https:\/\/gerardoduque.com.mx\/index.php?rest_route=\/wp\/v2\/posts\/34671\/revisions"}],"wp:featuredmedia":[{"embeddable":true,"href":"https:\/\/gerardoduque.com.mx\/index.php?rest_route=\/wp\/v2\/media\/34672"}],"wp:attachment":[{"href":"https:\/\/gerardoduque.com.mx\/index.php?rest_route=%2Fwp%2Fv2%2Fmedia&parent=34671"}],"wp:term":[{"taxonomy":"category","embeddable":true,"href":"https:\/\/gerardoduque.com.mx\/index.php?rest_route=%2Fwp%2Fv2%2Fcategories&post=34671"},{"taxonomy":"post_tag","embeddable":true,"href":"https:\/\/gerardoduque.com.mx\/index.php?rest_route=%2Fwp%2Fv2%2Ftags&post=34671"}],"curies":[{"name":"wp","href":"https:\/\/api.w.org\/{rel}","templated":true}]}}