{"id":34659,"date":"2025-03-06T14:09:47","date_gmt":"2025-03-06T20:09:47","guid":{"rendered":"https:\/\/gerardoduque.com.mx\/?p=34659"},"modified":"2025-03-06T14:09:54","modified_gmt":"2025-03-06T20:09:54","slug":"imparable-violencia-tras-ataque-armado-regresan-a-incendiar-casa-en-tamuin","status":"publish","type":"post","link":"https:\/\/gerardoduque.com.mx\/?p=34659","title":{"rendered":"IMPARABLE VIOLENCIA; TRAS ATAQUE ARMADO REGRESAN A INCENDIAR CASA EN TAMU\u00cdN"},"content":{"rendered":"\n<p>Madrugada de horror vivieron este jueves pobladores de la colonia Salvador Nava en el municipio de Tamu\u00edn.<\/p>\n\n\n\n<p>En los primeros minutos de este jueves se registr\u00f3 un ataque armado en una vivienda que se ubica sobre la calle Coahuila.<\/p>\n\n\n\n<p>Tras escuchar los disparos, v\u00eda telef\u00f3nica algunos vecinos del sector alertaron a las autoridades, lo que gener\u00f3 una movilizaci\u00f3n de agentes de seguridad p\u00fablica y elementos de la SEDENA.<\/p>\n\n\n\n<p>Al arribar al domicilio las autoridades encontraron a un hombre sin vida. EL cuerpo de \u201cLeonardo\u201d, de 46 a\u00f1os de edad presentaba heridas producidas por proyectil de arma de fuego.<\/p>\n\n\n\n<p>Peritos de la Fiscal\u00eda General del Estado hicieron la recolecci\u00f3n de indicios y procedieron a trasladar el cuerpo de la v\u00edctima al Servicio M\u00e9dico Legal.<\/p>\n\n\n\n<p>Horas despu\u00e9s, ya que las autoridades se hab\u00edan retirado del lugar, desconocidos llegaron a la casa y le prendieron fuego. El incendio ocurri\u00f3 poco antes del amanecer.<\/p>\n\n\n\n<p>Elementos de Bomberos se presentaron para evitar que las llamas se extendieran a casas cercanas.<\/p>\n\n\n\n<p>Las autoridades en el estado no han reportado detenciones relacionadas a estos hechos.<\/p>\n","protected":false},"excerpt":{"rendered":"<p>Un hombre result\u00f3 muerto <\/p>\n","protected":false},"author":4,"featured_media":34660,"comment_status":"closed","ping_status":"closed","sticky":false,"template":"","format":"standard","meta":{"_et_pb_use_builder":"off","_et_pb_old_content":"","_et_gb_content_width":"","footnotes":""},"categories":[412,62],"tags":[],"class_list":["post-34659","post","type-post","status-publish","format-standard","has-post-thumbnail","hentry","category-destacado","category-redaccion"],"_links":{"self":[{"href":"https:\/\/gerardoduque.com.mx\/index.php?rest_route=\/wp\/v2\/posts\/34659","targetHints":{"allow":["GET"]}}],"collection":[{"href":"https:\/\/gerardoduque.com.mx\/index.php?rest_route=\/wp\/v2\/posts"}],"about":[{"href":"https:\/\/gerardoduque.com.mx\/index.php?rest_route=\/wp\/v2\/types\/post"}],"author":[{"embeddable":true,"href":"https:\/\/gerardoduque.com.mx\/index.php?rest_route=\/wp\/v2\/users\/4"}],"replies":[{"embeddable":true,"href":"https:\/\/gerardoduque.com.mx\/index.php?rest_route=%2Fwp%2Fv2%2Fcomments&post=34659"}],"version-history":[{"count":0,"href":"https:\/\/gerardoduque.com.mx\/index.php?rest_route=\/wp\/v2\/posts\/34659\/revisions"}],"wp:featuredmedia":[{"embeddable":true,"href":"https:\/\/gerardoduque.com.mx\/index.php?rest_route=\/wp\/v2\/media\/34660"}],"wp:attachment":[{"href":"https:\/\/gerardoduque.com.mx\/index.php?rest_route=%2Fwp%2Fv2%2Fmedia&parent=34659"}],"wp:term":[{"taxonomy":"category","embeddable":true,"href":"https:\/\/gerardoduque.com.mx\/index.php?rest_route=%2Fwp%2Fv2%2Fcategories&post=34659"},{"taxonomy":"post_tag","embeddable":true,"href":"https:\/\/gerardoduque.com.mx\/index.php?rest_route=%2Fwp%2Fv2%2Ftags&post=34659"}],"curies":[{"name":"wp","href":"https:\/\/api.w.org\/{rel}","templated":true}]}}