{"id":34633,"date":"2025-03-05T19:59:03","date_gmt":"2025-03-06T01:59:03","guid":{"rendered":"https:\/\/gerardoduque.com.mx\/?p=34633"},"modified":"2025-03-05T19:59:12","modified_gmt":"2025-03-06T01:59:12","slug":"galindo-e-interapas-enfrentaran-demanda-colectiva-asegura-senador-del-partido-verde","status":"publish","type":"post","link":"https:\/\/gerardoduque.com.mx\/?p=34633","title":{"rendered":"GALINDO E INTERAPAS ENFRENTAR\u00c1N DEMANDA COLECTIVA, ASEGURA SENADOR DEL PARTIDO VERDE"},"content":{"rendered":"\n<p><strong>\u201cNegar el acceso al agua es una clara violaci\u00f3n a un derecho humano fundamental, pero, cortar el suministro de manera intencional y arbitraria por parte del alcalde Enrique Galindo Ceballos, constituye un flagrante delito\u201d<\/strong>, se\u00f1al\u00f3 el Senador del Partido Verde, Gilberto Hern\u00e1ndez Villafuerte<\/p>\n\n\n\n<p>El legislador anunci\u00f3 que se presentar\u00e1 una demanda colectiva ante la Fiscal\u00eda General del Estado de San Luis Potos\u00ed.<\/p>\n\n\n\n<p>Denunci\u00f3 que desde hace aproximadamente un mes, el organismo operador (Interapas) cerr\u00f3 las v\u00e1lvulas en m\u00e1s de sesenta colonias del municipio de Soledad, lo que calific\u00f3 como una <strong>\u201cmaniobra pol\u00edtica del alcalde Enrique Galindo que est\u00e1 amenazando la vida de personas de todas las edades, sin importar tambi\u00e9n grupos vulnerables como de la tercera edad y personas con discapacidad\u201d.<\/strong><\/p>\n\n\n\n<p>Gilberto Hern\u00e1ndez Villafuerte asegur\u00f3 que se cuenta con pruebas y evidencia que fundamentan la queja de habitantes que son castigados al negarles el servicio de agua potable.<\/p>\n\n\n\n<p>Adelant\u00f3 que se recolectar\u00e1n firmas y se interpondr\u00e1 la demanda colectiva en contra de Enrique Galindo Ceballos en su calidad de presidente de la Junta de Gobierno de Interapas, y en contra de Daniel Hern\u00e1ndez Delgadillo, como presidente del organismo.<\/p>\n\n\n\n<p>Finalmente, el Senador indic\u00f3 que esas acciones constituyen el incumplimiento de funciones de las autoridades mencionadas, pero adem\u00e1s se configuran graves delitos contra la humanidad, pues impacta no s\u00f3lo en la salud de la poblaci\u00f3n sino incluso en la propia vida.<\/p>\n","protected":false},"excerpt":{"rendered":"<p>Acusan al alcalde de SLP de \u00abamenazar la vida de las personas\u00bb <\/p>\n","protected":false},"author":4,"featured_media":34634,"comment_status":"closed","ping_status":"closed","sticky":false,"template":"","format":"standard","meta":{"_et_pb_use_builder":"off","_et_pb_old_content":"","_et_gb_content_width":"","footnotes":""},"categories":[412,62],"tags":[],"class_list":["post-34633","post","type-post","status-publish","format-standard","has-post-thumbnail","hentry","category-destacado","category-redaccion"],"_links":{"self":[{"href":"https:\/\/gerardoduque.com.mx\/index.php?rest_route=\/wp\/v2\/posts\/34633","targetHints":{"allow":["GET"]}}],"collection":[{"href":"https:\/\/gerardoduque.com.mx\/index.php?rest_route=\/wp\/v2\/posts"}],"about":[{"href":"https:\/\/gerardoduque.com.mx\/index.php?rest_route=\/wp\/v2\/types\/post"}],"author":[{"embeddable":true,"href":"https:\/\/gerardoduque.com.mx\/index.php?rest_route=\/wp\/v2\/users\/4"}],"replies":[{"embeddable":true,"href":"https:\/\/gerardoduque.com.mx\/index.php?rest_route=%2Fwp%2Fv2%2Fcomments&post=34633"}],"version-history":[{"count":0,"href":"https:\/\/gerardoduque.com.mx\/index.php?rest_route=\/wp\/v2\/posts\/34633\/revisions"}],"wp:featuredmedia":[{"embeddable":true,"href":"https:\/\/gerardoduque.com.mx\/index.php?rest_route=\/wp\/v2\/media\/34634"}],"wp:attachment":[{"href":"https:\/\/gerardoduque.com.mx\/index.php?rest_route=%2Fwp%2Fv2%2Fmedia&parent=34633"}],"wp:term":[{"taxonomy":"category","embeddable":true,"href":"https:\/\/gerardoduque.com.mx\/index.php?rest_route=%2Fwp%2Fv2%2Fcategories&post=34633"},{"taxonomy":"post_tag","embeddable":true,"href":"https:\/\/gerardoduque.com.mx\/index.php?rest_route=%2Fwp%2Fv2%2Ftags&post=34633"}],"curies":[{"name":"wp","href":"https:\/\/api.w.org\/{rel}","templated":true}]}}