{"id":34628,"date":"2025-03-05T13:19:57","date_gmt":"2025-03-05T19:19:57","guid":{"rendered":"https:\/\/gerardoduque.com.mx\/?p=34628"},"modified":"2025-03-05T13:20:05","modified_gmt":"2025-03-05T19:20:05","slug":"proyectan-creacion-de-ley-contra-halconeo-en-el-estado","status":"publish","type":"post","link":"https:\/\/gerardoduque.com.mx\/?p=34628","title":{"rendered":"PROYECTAN CREACI\u00d3N DE LEY CONTRA HALCONEO EN EL ESTADO"},"content":{"rendered":"\n<p>La Secretar\u00eda General de Gobierno inform\u00f3 que se trabaja en una normatividad para presentar ante el Congreso del Estado la nueva Ley Anti Halconeo. El secretario General de Gobierno, J. Guadalupe Torres S\u00e1nchez, inform\u00f3 que en breve presentar\u00e1n esta iniciativa que contempla sanciones para quienes instalen aparatos, c\u00e1maras de videovigilancia, micr\u00f3fonos, entre otros, adem\u00e1s de castigar a quienes los operen y a quienes empleen dicha informaci\u00f3n para delinquir.<\/p>\n\n\n\n<p>Aclar\u00f3 que este tipo de delitos no es exclusivo del Estado, pero ante la detecci\u00f3n de estas tecnolog\u00edas en algunos municipios, buscan que San Luis Potos\u00ed cuente con una normatividad constitucional estructurada de forma adecuada y no tener lagunas legales.<\/p>\n\n\n\n<p>Torres S\u00e1nchez a\u00f1adi\u00f3 que es necesario, que la ley puntualice una distinci\u00f3n clara, para que no exista duda, de los sistemas de vigilancia legales existentes, y lo permitido, para esta lucha, cuyo \u00fanico prop\u00f3sito es erradicar el llamado halconeo digital y promover entornos m\u00e1s seguros y en paz.<\/p>\n","protected":false},"excerpt":{"rendered":"<p>Se busca aplicar sanciones para quienes instalen aparatos, c\u00e1maras de videovigilancia, micr\u00f3fonos, entre otros, y se empleen para delinquir.<\/p>\n","protected":false},"author":4,"featured_media":34629,"comment_status":"closed","ping_status":"closed","sticky":false,"template":"","format":"standard","meta":{"_et_pb_use_builder":"off","_et_pb_old_content":"","_et_gb_content_width":"","footnotes":""},"categories":[412,280],"tags":[72,66],"class_list":["post-34628","post","type-post","status-publish","format-standard","has-post-thumbnail","hentry","category-destacado","category-gob-slp","tag-gobierno-del-estado","tag-san-luis-potosi"],"_links":{"self":[{"href":"https:\/\/gerardoduque.com.mx\/index.php?rest_route=\/wp\/v2\/posts\/34628","targetHints":{"allow":["GET"]}}],"collection":[{"href":"https:\/\/gerardoduque.com.mx\/index.php?rest_route=\/wp\/v2\/posts"}],"about":[{"href":"https:\/\/gerardoduque.com.mx\/index.php?rest_route=\/wp\/v2\/types\/post"}],"author":[{"embeddable":true,"href":"https:\/\/gerardoduque.com.mx\/index.php?rest_route=\/wp\/v2\/users\/4"}],"replies":[{"embeddable":true,"href":"https:\/\/gerardoduque.com.mx\/index.php?rest_route=%2Fwp%2Fv2%2Fcomments&post=34628"}],"version-history":[{"count":0,"href":"https:\/\/gerardoduque.com.mx\/index.php?rest_route=\/wp\/v2\/posts\/34628\/revisions"}],"wp:featuredmedia":[{"embeddable":true,"href":"https:\/\/gerardoduque.com.mx\/index.php?rest_route=\/wp\/v2\/media\/34629"}],"wp:attachment":[{"href":"https:\/\/gerardoduque.com.mx\/index.php?rest_route=%2Fwp%2Fv2%2Fmedia&parent=34628"}],"wp:term":[{"taxonomy":"category","embeddable":true,"href":"https:\/\/gerardoduque.com.mx\/index.php?rest_route=%2Fwp%2Fv2%2Fcategories&post=34628"},{"taxonomy":"post_tag","embeddable":true,"href":"https:\/\/gerardoduque.com.mx\/index.php?rest_route=%2Fwp%2Fv2%2Ftags&post=34628"}],"curies":[{"name":"wp","href":"https:\/\/api.w.org\/{rel}","templated":true}]}}