{"id":34620,"date":"2025-03-05T12:57:21","date_gmt":"2025-03-05T18:57:21","guid":{"rendered":"https:\/\/gerardoduque.com.mx\/?p=34620"},"modified":"2025-03-05T12:57:29","modified_gmt":"2025-03-05T18:57:29","slug":"desplegaran-operativo-de-acompanamiento-en-la-marcha-del-8m","status":"publish","type":"post","link":"https:\/\/gerardoduque.com.mx\/?p=34620","title":{"rendered":"DESPLEGAR\u00c1N OPERATIVO DE ACOMPA\u00d1AMIENTO EN LA MARCHA DEL 8M"},"content":{"rendered":"\n<p>Las autoridades estatales informaron que brindar\u00e1n acompa\u00f1amiento en la marcha conmemorativa del 8M, inform\u00f3 la Secretar\u00eda de Seguridad y Protecci\u00f3n Ciudadana del Estado tras resaltar que contar\u00e1 con un dispositivo especial de prevenci\u00f3n y vigilancia con la participaci\u00f3n de mujeres polic\u00edas que cuidar\u00e1n a distancia el recorrido.<\/p>\n\n\n\n<p>El titular de la dependencia expres\u00f3 que habr\u00e1 un acompa\u00f1amiento durante el recorrido que realicen, tras confiar en que no haya infiltraci\u00f3n de personas ajenas al movimiento. Expuso que se tiene conocimiento que el recorrido que comenzar\u00e1 a las 16:00 horas, abarcar\u00e1 la Alameda \u201cJuan Sarabia\u201d, pasar\u00e1 por Eje Vial, San Juan de Dios, Plaza de Armas y Plaza de los Fundadores.<\/p>\n\n\n\n<p>Finalmente, se agreg\u00f3 que habr\u00e1 monitoreo y seguimiento de la Polic\u00eda Especializada del C5i2 a trav\u00e9s de las c\u00e1maras de videovigilancia y que la ruta ser\u00e1 vigilada en todo momento, y reiter\u00f3 que la instrucci\u00f3n al personal operativo femenil de la GCE es de solo mantener presencia a distancia, pues se respeta la libertad de expresi\u00f3n.<\/p>\n","protected":false},"excerpt":{"rendered":"<p>Autoridades estatales informaron que se contar\u00e1 con un dispositivo especial de mujeres polic\u00edas que solo cuidar\u00e1n a distancia durante el recorrido.<\/p>\n","protected":false},"author":4,"featured_media":34621,"comment_status":"closed","ping_status":"closed","sticky":false,"template":"","format":"standard","meta":{"_et_pb_use_builder":"off","_et_pb_old_content":"","_et_gb_content_width":"","footnotes":""},"categories":[412,280],"tags":[72,66,431],"class_list":["post-34620","post","type-post","status-publish","format-standard","has-post-thumbnail","hentry","category-destacado","category-gob-slp","tag-gobierno-del-estado","tag-san-luis-potosi","tag-sspce"],"_links":{"self":[{"href":"https:\/\/gerardoduque.com.mx\/index.php?rest_route=\/wp\/v2\/posts\/34620","targetHints":{"allow":["GET"]}}],"collection":[{"href":"https:\/\/gerardoduque.com.mx\/index.php?rest_route=\/wp\/v2\/posts"}],"about":[{"href":"https:\/\/gerardoduque.com.mx\/index.php?rest_route=\/wp\/v2\/types\/post"}],"author":[{"embeddable":true,"href":"https:\/\/gerardoduque.com.mx\/index.php?rest_route=\/wp\/v2\/users\/4"}],"replies":[{"embeddable":true,"href":"https:\/\/gerardoduque.com.mx\/index.php?rest_route=%2Fwp%2Fv2%2Fcomments&post=34620"}],"version-history":[{"count":0,"href":"https:\/\/gerardoduque.com.mx\/index.php?rest_route=\/wp\/v2\/posts\/34620\/revisions"}],"wp:featuredmedia":[{"embeddable":true,"href":"https:\/\/gerardoduque.com.mx\/index.php?rest_route=\/wp\/v2\/media\/34621"}],"wp:attachment":[{"href":"https:\/\/gerardoduque.com.mx\/index.php?rest_route=%2Fwp%2Fv2%2Fmedia&parent=34620"}],"wp:term":[{"taxonomy":"category","embeddable":true,"href":"https:\/\/gerardoduque.com.mx\/index.php?rest_route=%2Fwp%2Fv2%2Fcategories&post=34620"},{"taxonomy":"post_tag","embeddable":true,"href":"https:\/\/gerardoduque.com.mx\/index.php?rest_route=%2Fwp%2Fv2%2Ftags&post=34620"}],"curies":[{"name":"wp","href":"https:\/\/api.w.org\/{rel}","templated":true}]}}