{"id":34606,"date":"2025-03-04T21:28:38","date_gmt":"2025-03-05T03:28:38","guid":{"rendered":"https:\/\/gerardoduque.com.mx\/?p=34606"},"modified":"2025-03-04T21:28:47","modified_gmt":"2025-03-05T03:28:47","slug":"emergencia-por-incendios-en-rioverde-y-cd-fernandez","status":"publish","type":"post","link":"https:\/\/gerardoduque.com.mx\/?p=34606","title":{"rendered":"EMERGENCIA POR INCENDIOS EN RIOVERDE Y CD FERN\u00c1NDEZ"},"content":{"rendered":"\n<p>La gran cantidad de incendios que se registraron este martes en Rioverde y Ciudad Fern\u00e1ndez han rebasado la capacidad de actuar de los cuerpos de Bomberos de ambos municipios, ubicados en la zona Media potosina.<\/p>\n\n\n\n<p>Se carece de personal suficiente, as\u00ed como de equipo e implementos necesarios para combatir el fuego.<\/p>\n\n\n\n<p>El comandante de Bomberos de Rioverde, Ricardo Canseco, inform\u00f3 que se est\u00e1 priorizando la integridad de las personas y la afectaci\u00f3n material, ya que \u201cest\u00e1n rebasados\u201d para atender la totalidad de los siniestros.<\/p>\n\n\n\n<p>Se siguen recibiendo reportes de m\u00e1s incendios forestales en diversos sectores de la regi\u00f3n, incluso los pobladores se expresan molestos por la falta de atenci\u00f3n inmediata.<\/p>\n\n\n\n<p>El Cuerpo de Bomberos apela a la comprensi\u00f3n de la poblaci\u00f3n, ya que a pesar de las carencias se busca realizar un mayor esfuerzo que tal vez no ser\u00e1 suficiente.<\/p>\n\n\n\n<p>No est\u00e1 de m\u00e1s apoyar en la medida de las posibilidades a los Bomberos, ya sea con faenas o acerc\u00e1ndoles hidrataci\u00f3n e insumos necesarios.<\/p>\n","protected":false},"excerpt":{"rendered":"<p>Tambi\u00e9n se registraron incendios en C\u00e1rdenas y en la zona Huasteca <\/p>\n","protected":false},"author":4,"featured_media":34607,"comment_status":"closed","ping_status":"closed","sticky":false,"template":"","format":"standard","meta":{"_et_pb_use_builder":"off","_et_pb_old_content":"","_et_gb_content_width":"","footnotes":""},"categories":[412,62],"tags":[],"class_list":["post-34606","post","type-post","status-publish","format-standard","has-post-thumbnail","hentry","category-destacado","category-redaccion"],"_links":{"self":[{"href":"https:\/\/gerardoduque.com.mx\/index.php?rest_route=\/wp\/v2\/posts\/34606","targetHints":{"allow":["GET"]}}],"collection":[{"href":"https:\/\/gerardoduque.com.mx\/index.php?rest_route=\/wp\/v2\/posts"}],"about":[{"href":"https:\/\/gerardoduque.com.mx\/index.php?rest_route=\/wp\/v2\/types\/post"}],"author":[{"embeddable":true,"href":"https:\/\/gerardoduque.com.mx\/index.php?rest_route=\/wp\/v2\/users\/4"}],"replies":[{"embeddable":true,"href":"https:\/\/gerardoduque.com.mx\/index.php?rest_route=%2Fwp%2Fv2%2Fcomments&post=34606"}],"version-history":[{"count":0,"href":"https:\/\/gerardoduque.com.mx\/index.php?rest_route=\/wp\/v2\/posts\/34606\/revisions"}],"wp:featuredmedia":[{"embeddable":true,"href":"https:\/\/gerardoduque.com.mx\/index.php?rest_route=\/wp\/v2\/media\/34607"}],"wp:attachment":[{"href":"https:\/\/gerardoduque.com.mx\/index.php?rest_route=%2Fwp%2Fv2%2Fmedia&parent=34606"}],"wp:term":[{"taxonomy":"category","embeddable":true,"href":"https:\/\/gerardoduque.com.mx\/index.php?rest_route=%2Fwp%2Fv2%2Fcategories&post=34606"},{"taxonomy":"post_tag","embeddable":true,"href":"https:\/\/gerardoduque.com.mx\/index.php?rest_route=%2Fwp%2Fv2%2Ftags&post=34606"}],"curies":[{"name":"wp","href":"https:\/\/api.w.org\/{rel}","templated":true}]}}