{"id":34588,"date":"2025-03-04T13:31:29","date_gmt":"2025-03-04T19:31:29","guid":{"rendered":"https:\/\/gerardoduque.com.mx\/?p=34588"},"modified":"2025-03-04T13:31:39","modified_gmt":"2025-03-04T19:31:39","slug":"presunto-feminicida-de-mayte-maritza-fue-detenido-en-tamaulipas","status":"publish","type":"post","link":"https:\/\/gerardoduque.com.mx\/?p=34588","title":{"rendered":"PRESUNTO FEMINICIDA DE MAYT\u00c9 MARITZA FUE DETENIDO EN TAMAULIPAS"},"content":{"rendered":"\n<p>El cuerpo de Mayt\u00e9 Maritza fue encontrado la noche del mi\u00e9rcoles 12 de febrero dentro de su domicilio particular en la colonia Villa Real de Santiago, al oriente de Ciudad Valles.<\/p>\n\n\n\n<p>La mujer de 39 a\u00f1os de edad era enfermera del Hospital General de Ciudad Valles.<\/p>\n\n\n\n<p>Fue un familiar de la v\u00edctima quien la encontr\u00f3 dentro de una rec\u00e1mara, con diversas heridas producidas por arma blanca, tirada entre un charco de sangre.<\/p>\n\n\n\n<p>La noticia de la violenta muerte de Mayt\u00e9 Maritza conmocion\u00f3 a sus compa\u00f1eros de trabajo y a la comunidad en general, por lo que horas despu\u00e9s de reportado su asesinato hubo manifestaciones pac\u00edficas para exigir justicia.<\/p>\n\n\n\n<p>Agentes de la Fiscal\u00eda General del Estado realizaron el procesamiento del lugar donde fue encontrado el cuerpo de Mayt\u00e9 Maritza.<\/p>\n\n\n\n<p>La FGE de San Luis Potos\u00ed reuni\u00f3 los datos de prueba en la respectiva carpeta de investigaci\u00f3n en contra de Jos\u00e9 \u201cN\u201d, la cual fue presentada ante la autoridad judicial quien emiti\u00f3 orden de aprehensi\u00f3n en contra de \u00e9l, y con ello se inici\u00f3 su b\u00fasqueda.<\/p>\n\n\n\n<p>A veinte d\u00edas del feminicidio, en Ciudad Reynosa agentes de la FGE de Tamaulipas cumplimentaron una orden de aprehensi\u00f3n contra Jos\u00e9 \u201cN\u201d, el presunto asesino de Mayt\u00e9 Maritza.<\/p>\n\n\n\n<p>La detenci\u00f3n del individuo fue confirmada por la titular de la Fiscal\u00eda General de San Luis Potos\u00ed, Mar\u00eda Manuela Garc\u00eda C\u00e1zares<\/p>\n\n\n\n<p>De acuerdo a las autoridades, el individuo detenido cumple con las caracter\u00edsticas del presunto feminicida de la enfermera del Hospital General de Valles.<\/p>\n\n\n\n<p>Despu\u00e9s de su detenci\u00f3n, Jos\u00e9 \u00abN\u00bb fue trasladado a la entidad potosina para ser puesto a disposici\u00f3n del Juez de control para la audiencia inicial.<\/p>\n","protected":false},"excerpt":{"rendered":"<p>La enfermera del hospital de Valles fue asesinada el 12 de febrero pasado  <\/p>\n","protected":false},"author":4,"featured_media":34590,"comment_status":"closed","ping_status":"closed","sticky":false,"template":"","format":"standard","meta":{"_et_pb_use_builder":"off","_et_pb_old_content":"","_et_gb_content_width":"","footnotes":""},"categories":[412,62],"tags":[],"class_list":["post-34588","post","type-post","status-publish","format-standard","has-post-thumbnail","hentry","category-destacado","category-redaccion"],"_links":{"self":[{"href":"https:\/\/gerardoduque.com.mx\/index.php?rest_route=\/wp\/v2\/posts\/34588","targetHints":{"allow":["GET"]}}],"collection":[{"href":"https:\/\/gerardoduque.com.mx\/index.php?rest_route=\/wp\/v2\/posts"}],"about":[{"href":"https:\/\/gerardoduque.com.mx\/index.php?rest_route=\/wp\/v2\/types\/post"}],"author":[{"embeddable":true,"href":"https:\/\/gerardoduque.com.mx\/index.php?rest_route=\/wp\/v2\/users\/4"}],"replies":[{"embeddable":true,"href":"https:\/\/gerardoduque.com.mx\/index.php?rest_route=%2Fwp%2Fv2%2Fcomments&post=34588"}],"version-history":[{"count":0,"href":"https:\/\/gerardoduque.com.mx\/index.php?rest_route=\/wp\/v2\/posts\/34588\/revisions"}],"wp:featuredmedia":[{"embeddable":true,"href":"https:\/\/gerardoduque.com.mx\/index.php?rest_route=\/wp\/v2\/media\/34590"}],"wp:attachment":[{"href":"https:\/\/gerardoduque.com.mx\/index.php?rest_route=%2Fwp%2Fv2%2Fmedia&parent=34588"}],"wp:term":[{"taxonomy":"category","embeddable":true,"href":"https:\/\/gerardoduque.com.mx\/index.php?rest_route=%2Fwp%2Fv2%2Fcategories&post=34588"},{"taxonomy":"post_tag","embeddable":true,"href":"https:\/\/gerardoduque.com.mx\/index.php?rest_route=%2Fwp%2Fv2%2Ftags&post=34588"}],"curies":[{"name":"wp","href":"https:\/\/api.w.org\/{rel}","templated":true}]}}