{"id":34583,"date":"2025-03-04T13:10:15","date_gmt":"2025-03-04T19:10:15","guid":{"rendered":"https:\/\/gerardoduque.com.mx\/?p=34583"},"modified":"2025-03-04T13:10:23","modified_gmt":"2025-03-04T19:10:23","slug":"preparan-operativo-de-seguridad-para-semana-santa-2025","status":"publish","type":"post","link":"https:\/\/gerardoduque.com.mx\/?p=34583","title":{"rendered":"PREPARAN OPERATIVO DE SEGURIDAD PARA SEMANA SANTA 2025"},"content":{"rendered":"\n<p>La Secretar\u00eda de Seguridad y Protecci\u00f3n Ciudadana del Estado, en coordinaci\u00f3n con los tres \u00f3rdenes de Gobierno, implementar\u00e1 un operativo durante Semana Santa. El objetivo del Plan de Operaciones Semana Santa, es garantizar entornos seguros durante las celebraciones y vacaciones de Semana Santa.<\/p>\n\n\n\n<p>El secretario de seguridad explic\u00f3 que, por parte de la Guardia Civil Estatal y su Divisi\u00f3n Caminos, se contar\u00e1 con la totalidad del personal operativo, con presencia preventiva y disuasiva en los 59 ayuntamientos estrat\u00e9gicamente desplegados y en constante comunicaci\u00f3n con la Secretar\u00eda de la Defensa Nacional (Sedena), Guardia Nacional y Polic\u00edas Municipales con la meta de generar un saldo blanco y sin incidencias.<\/p>\n\n\n\n<p>Finalmente, a\u00f1adi\u00f3 que se trabaja en el Plan Operativo con el que se reforzar\u00e1 la prevenci\u00f3n y vigilancia en donde se registra mayor afluencia de vacacionistas como r\u00edos, parajes, balnearios de la Huasteca potosina y la regi\u00f3n Media, adem\u00e1s de pueblos m\u00e1gicos incluyendo el Centro Hist\u00f3rico de la capital.<\/p>\n","protected":false},"excerpt":{"rendered":"<p>Se busca reforzar la seguridad en las cuatro regiones, especialmente en parajes tur\u00edsticos de la regi\u00f3n Huasteca y Media.<\/p>\n","protected":false},"author":4,"featured_media":34584,"comment_status":"closed","ping_status":"closed","sticky":false,"template":"","format":"standard","meta":{"_et_pb_use_builder":"off","_et_pb_old_content":"","_et_gb_content_width":"","footnotes":""},"categories":[412,280],"tags":[72,66,431],"class_list":["post-34583","post","type-post","status-publish","format-standard","has-post-thumbnail","hentry","category-destacado","category-gob-slp","tag-gobierno-del-estado","tag-san-luis-potosi","tag-sspce"],"_links":{"self":[{"href":"https:\/\/gerardoduque.com.mx\/index.php?rest_route=\/wp\/v2\/posts\/34583","targetHints":{"allow":["GET"]}}],"collection":[{"href":"https:\/\/gerardoduque.com.mx\/index.php?rest_route=\/wp\/v2\/posts"}],"about":[{"href":"https:\/\/gerardoduque.com.mx\/index.php?rest_route=\/wp\/v2\/types\/post"}],"author":[{"embeddable":true,"href":"https:\/\/gerardoduque.com.mx\/index.php?rest_route=\/wp\/v2\/users\/4"}],"replies":[{"embeddable":true,"href":"https:\/\/gerardoduque.com.mx\/index.php?rest_route=%2Fwp%2Fv2%2Fcomments&post=34583"}],"version-history":[{"count":0,"href":"https:\/\/gerardoduque.com.mx\/index.php?rest_route=\/wp\/v2\/posts\/34583\/revisions"}],"wp:featuredmedia":[{"embeddable":true,"href":"https:\/\/gerardoduque.com.mx\/index.php?rest_route=\/wp\/v2\/media\/34584"}],"wp:attachment":[{"href":"https:\/\/gerardoduque.com.mx\/index.php?rest_route=%2Fwp%2Fv2%2Fmedia&parent=34583"}],"wp:term":[{"taxonomy":"category","embeddable":true,"href":"https:\/\/gerardoduque.com.mx\/index.php?rest_route=%2Fwp%2Fv2%2Fcategories&post=34583"},{"taxonomy":"post_tag","embeddable":true,"href":"https:\/\/gerardoduque.com.mx\/index.php?rest_route=%2Fwp%2Fv2%2Ftags&post=34583"}],"curies":[{"name":"wp","href":"https:\/\/api.w.org\/{rel}","templated":true}]}}