{"id":34580,"date":"2025-03-04T12:28:10","date_gmt":"2025-03-04T18:28:10","guid":{"rendered":"https:\/\/gerardoduque.com.mx\/?p=34580"},"modified":"2025-03-04T12:28:16","modified_gmt":"2025-03-04T18:28:16","slug":"fuertes-vientos-y-hasta-45c-en-regiones-de-san-luis-potosi","status":"publish","type":"post","link":"https:\/\/gerardoduque.com.mx\/?p=34580","title":{"rendered":"FUERTES VIENTOS Y HASTA 45\u00b0C EN REGIONES DE SAN LUIS POTOS\u00cd"},"content":{"rendered":"\n<p>La Coordinaci\u00f3n Estatal de Protecci\u00f3n Civil (CEPC), alerta a la poblaci\u00f3n por la presencia de altas temperaturas en las regiones Media y Huasteca, y las fuertes r\u00e1fagas <a><\/a>de viento en todo el Estado de hasta 70 kil\u00f3metros por hora.<\/p>\n\n\n\n<p>En las regiones Media y Huasteca se alcanzan temperaturas de hasta 45 grados cent\u00edgrados, as\u00ed como vientos fuertes, con r\u00e1fagas m\u00e1ximas de hasta 70 kil\u00f3metros por hora<\/p>\n\n\n\n<p>Asimismo, se esperan algunas lluvias puntuales, principalmente en la Huasteca sur, por la tarde-noche<\/p>\n\n\n\n<p>Se espera una moderaci\u00f3n de las temperaturas m\u00e1ximas para el mi\u00e9rcoles y jueves, por el reforzamiento del frente fr\u00edo 31, as\u00ed como una nueva ola de calor para el fin de semana.<\/p>\n\n\n\n<p>Se recomienda a la poblaci\u00f3n que, ante la presencia de fuertes vientos, eviten realizar trabajos en altura, no tocar cables el\u00e9ctricos que se hayan desprendido, no refugiarse del viento bajo estructuras o \u00e1rboles en riesgo de caer, asegurar objetos que puedan salir volando de azoteas y dar aviso a las autoridades en caso de alguna situaci\u00f3n que consideren riesgosa.<\/p>\n","protected":false},"excerpt":{"rendered":"<p>Tambi\u00e9n hay probabilidad de lluvias puntuales <\/p>\n","protected":false},"author":4,"featured_media":34581,"comment_status":"closed","ping_status":"closed","sticky":false,"template":"","format":"standard","meta":{"_et_pb_use_builder":"off","_et_pb_old_content":"","_et_gb_content_width":"","footnotes":""},"categories":[412,62],"tags":[],"class_list":["post-34580","post","type-post","status-publish","format-standard","has-post-thumbnail","hentry","category-destacado","category-redaccion"],"_links":{"self":[{"href":"https:\/\/gerardoduque.com.mx\/index.php?rest_route=\/wp\/v2\/posts\/34580","targetHints":{"allow":["GET"]}}],"collection":[{"href":"https:\/\/gerardoduque.com.mx\/index.php?rest_route=\/wp\/v2\/posts"}],"about":[{"href":"https:\/\/gerardoduque.com.mx\/index.php?rest_route=\/wp\/v2\/types\/post"}],"author":[{"embeddable":true,"href":"https:\/\/gerardoduque.com.mx\/index.php?rest_route=\/wp\/v2\/users\/4"}],"replies":[{"embeddable":true,"href":"https:\/\/gerardoduque.com.mx\/index.php?rest_route=%2Fwp%2Fv2%2Fcomments&post=34580"}],"version-history":[{"count":0,"href":"https:\/\/gerardoduque.com.mx\/index.php?rest_route=\/wp\/v2\/posts\/34580\/revisions"}],"wp:featuredmedia":[{"embeddable":true,"href":"https:\/\/gerardoduque.com.mx\/index.php?rest_route=\/wp\/v2\/media\/34581"}],"wp:attachment":[{"href":"https:\/\/gerardoduque.com.mx\/index.php?rest_route=%2Fwp%2Fv2%2Fmedia&parent=34580"}],"wp:term":[{"taxonomy":"category","embeddable":true,"href":"https:\/\/gerardoduque.com.mx\/index.php?rest_route=%2Fwp%2Fv2%2Fcategories&post=34580"},{"taxonomy":"post_tag","embeddable":true,"href":"https:\/\/gerardoduque.com.mx\/index.php?rest_route=%2Fwp%2Fv2%2Ftags&post=34580"}],"curies":[{"name":"wp","href":"https:\/\/api.w.org\/{rel}","templated":true}]}}