{"id":34541,"date":"2025-03-02T20:58:49","date_gmt":"2025-03-03T02:58:49","guid":{"rendered":"https:\/\/gerardoduque.com.mx\/?p=34541"},"modified":"2025-03-02T20:59:45","modified_gmt":"2025-03-03T02:59:45","slug":"se-apago-la-voz-de-el-mas-sencillo-de-todos-los-locutores","status":"publish","type":"post","link":"https:\/\/gerardoduque.com.mx\/?p=34541","title":{"rendered":"SE APAG\u00d3 LA VOZ DE &#8216;EL M\u00c1S SENCILLO DE TODOS LOS LOCUTORES&#8217;"},"content":{"rendered":"\n<p>Luego de varios meses enfrentando un problema de salud, falleci\u00f3 el locutor Enrique Amado Rodr\u00edguez, a los 65 a\u00f1os de edad.<\/p>\n\n\n\n<p>En 1994, con su llegada a \u201cRadio Mensajera\u201d, en Ciudad Valles, Enrique Amado cristaliz\u00f3 sus sue\u00f1os de ser locutor.<\/p>\n\n\n\n<p>Comparti\u00f3 los micr\u00f3fonos con grandes figuras y logr\u00f3 conquistar a los radioescuchas con un carisma que le caracterizaba.<\/p>\n\n\n\n<p>\u201cEA\u201d, (haciendo referencia a las dos iniciales de su nombre).<\/p>\n\n\n\n<p>\u201c\u00a1Que ambientazo!\u201d<\/p>\n\n\n\n<p>\u201dEnrique Amado si complace\u201d<\/p>\n\n\n\n<p>\u201cEl m\u00e1s humilde y sencillo de los locutores\u00bb<\/p>\n\n\n\n<p>\u201cDisculpen mi emoci\u00f3n, pero es que no puedo contenerme\u00bb<\/p>\n\n\n\n<p>Esas emblem\u00e1ticas frases atrajeron un gran n\u00famero de audiencia, convirti\u00e9ndolo en una de las voces m\u00e1s escuchadas de la radio en Valles<\/p>\n\n\n\n<p>Hasta la cabina llegaban admiradoras de Enrique Amado para conocerlo y pedir su aut\u00f3grafo, pero esto no cambi\u00f3 en nada al humilde y sencillo locutor.<\/p>\n\n\n\n<p>Su partida deja un vac\u00edo en la radiodifusi\u00f3n local, pero su legado y estilo permanecer\u00e1n en la memoria de quienes lo escucharon y admiraron.<\/p>\n\n\n\n<p>Que en paz descanse, Enrique Rodr\u00edguez Amado.<\/p>\n","protected":false},"excerpt":{"rendered":"<p>Enrique Amado falleci\u00f3 en Ciudad Valles  <\/p>\n","protected":false},"author":4,"featured_media":34542,"comment_status":"closed","ping_status":"closed","sticky":false,"template":"","format":"standard","meta":{"_et_pb_use_builder":"off","_et_pb_old_content":"","_et_gb_content_width":"","footnotes":""},"categories":[412,62],"tags":[],"class_list":["post-34541","post","type-post","status-publish","format-standard","has-post-thumbnail","hentry","category-destacado","category-redaccion"],"_links":{"self":[{"href":"https:\/\/gerardoduque.com.mx\/index.php?rest_route=\/wp\/v2\/posts\/34541","targetHints":{"allow":["GET"]}}],"collection":[{"href":"https:\/\/gerardoduque.com.mx\/index.php?rest_route=\/wp\/v2\/posts"}],"about":[{"href":"https:\/\/gerardoduque.com.mx\/index.php?rest_route=\/wp\/v2\/types\/post"}],"author":[{"embeddable":true,"href":"https:\/\/gerardoduque.com.mx\/index.php?rest_route=\/wp\/v2\/users\/4"}],"replies":[{"embeddable":true,"href":"https:\/\/gerardoduque.com.mx\/index.php?rest_route=%2Fwp%2Fv2%2Fcomments&post=34541"}],"version-history":[{"count":0,"href":"https:\/\/gerardoduque.com.mx\/index.php?rest_route=\/wp\/v2\/posts\/34541\/revisions"}],"wp:featuredmedia":[{"embeddable":true,"href":"https:\/\/gerardoduque.com.mx\/index.php?rest_route=\/wp\/v2\/media\/34542"}],"wp:attachment":[{"href":"https:\/\/gerardoduque.com.mx\/index.php?rest_route=%2Fwp%2Fv2%2Fmedia&parent=34541"}],"wp:term":[{"taxonomy":"category","embeddable":true,"href":"https:\/\/gerardoduque.com.mx\/index.php?rest_route=%2Fwp%2Fv2%2Fcategories&post=34541"},{"taxonomy":"post_tag","embeddable":true,"href":"https:\/\/gerardoduque.com.mx\/index.php?rest_route=%2Fwp%2Fv2%2Ftags&post=34541"}],"curies":[{"name":"wp","href":"https:\/\/api.w.org\/{rel}","templated":true}]}}