{"id":34466,"date":"2025-02-28T11:21:50","date_gmt":"2025-02-28T17:21:50","guid":{"rendered":"https:\/\/gerardoduque.com.mx\/?p=34466"},"modified":"2025-02-28T11:21:57","modified_gmt":"2025-02-28T17:21:57","slug":"mario-lm-no-busca-seguridad-busca-atencion-evidencian-a-berrinchudo-sujeto-en-valles","status":"publish","type":"post","link":"https:\/\/gerardoduque.com.mx\/?p=34466","title":{"rendered":"\u00abMARIO LM NO BUSCA SEGURIDAD, BUSCA ATENCI\u00d3N\u00bb: EVIDENCIAN A BERRINCHUDO SUJETO EN VALLES"},"content":{"rendered":"\n<p>Desde su perfil en Facebook, un individuo ha estado haciendo intentos por comprometer p\u00fablicamente a organizaciones y personas que cuentan con una trayectoria seria y genuina, para que se sumen a lo que \u00e9l denomina \u201cmarcha por la paz\u201d.<\/p>\n\n\n\n<p>Ha sido tal el acoso por parte del individuo, que el colectivo de b\u00fasqueda de personas \u201cVoz y Dignidad por los Nuestros \u201d emiti\u00f3 un posicionamiento en horas recientes.<\/p>\n\n\n\n<p><strong>COMUNICADO A LA OPINI\u00d3N P\u00daBLICA<\/strong><\/p>\n\n\n\n<p><strong>Mario LM nos acosa por no sumarnos a su berrinche<\/strong><\/p>\n\n\n\n<p><strong>Las familias buscadoras de Ciudad Valles queremos denunciar p\u00fablicamente el acoso e insultos que estamos recibiendo por parte de \u201cMario LM\u201d, quien, en un claro intento de llamar la atenci\u00f3n, ha desatado una serie de ataques en nuestra contra solo porque no quisimos sumarnos a su marcha.<\/strong><\/p>\n\n\n\n<p><strong>Todo esto inici\u00f3 porque a \u201cMario LM\u201d le pidieron que pagara la pensi\u00f3n de su coche. Para \u00e9l, eso es la \u201cinseguridad m\u00e1s grave que nos azota\u201d. A partir de ah\u00ed, decidi\u00f3 organizar una marcha, no por los desaparecidos, no por la violencia que destroza familias todos los d\u00edas, sino porque no le pareci\u00f3 justo pagar por su propio carro.<\/strong><\/p>\n\n\n\n<p><strong>Cuando le explicamos con respeto y argumentos por qu\u00e9 no pod\u00edamos apoyar su convocatoria, respondi\u00f3 con insultos y ataques. Nos acus\u00f3 de \u201cvivir de la injusticia de las mam\u00e1s buscadoras\u201d, como si nuestra lucha fuera un espect\u00e1culo y no el resultado de a\u00f1os de abandono, impunidad y dolor. En lugar de aceptar una diferencia de opini\u00f3n, opt\u00f3 por descalificarnos, mostrando su verdadero inter\u00e9s: el protagonismo, no la justicia.<\/strong><\/p>\n\n\n\n<p><strong>Lo decimos claro y fuerte: Mario LM no busca seguridad, busca atenci\u00f3n.<\/strong><\/p>\n\n\n\n<p><strong>No lucha por la paz, lucha por su ego.<\/strong><\/p>\n\n\n\n<p><strong>Mientras nosotras pasamos d\u00edas en el monte, escarbando con nuestras propias manos para encontrar a los nuestros, \u00e9l se queja en redes porque no quisimos marchar por su coche.<\/strong><\/p>\n\n\n\n<p><strong>Denunciamos su acoso y su hostigamiento. No vamos a permitir que su ego nos desv\u00ede de lo realmente importante: encontrar a nuestros desaparecidos y exigir justicia para quienes ya no pueden alzar la voz.<\/strong><\/p>\n\n\n\n<p><strong>Nuestra lucha es por la vida, no por berrinches.<\/strong><\/p>\n","protected":false},"excerpt":{"rendered":"<p>Es hijo de un exdiputado local <\/p>\n","protected":false},"author":4,"featured_media":34467,"comment_status":"closed","ping_status":"closed","sticky":false,"template":"","format":"standard","meta":{"_et_pb_use_builder":"off","_et_pb_old_content":"","_et_gb_content_width":"","footnotes":""},"categories":[412,62],"tags":[],"class_list":["post-34466","post","type-post","status-publish","format-standard","has-post-thumbnail","hentry","category-destacado","category-redaccion"],"_links":{"self":[{"href":"https:\/\/gerardoduque.com.mx\/index.php?rest_route=\/wp\/v2\/posts\/34466","targetHints":{"allow":["GET"]}}],"collection":[{"href":"https:\/\/gerardoduque.com.mx\/index.php?rest_route=\/wp\/v2\/posts"}],"about":[{"href":"https:\/\/gerardoduque.com.mx\/index.php?rest_route=\/wp\/v2\/types\/post"}],"author":[{"embeddable":true,"href":"https:\/\/gerardoduque.com.mx\/index.php?rest_route=\/wp\/v2\/users\/4"}],"replies":[{"embeddable":true,"href":"https:\/\/gerardoduque.com.mx\/index.php?rest_route=%2Fwp%2Fv2%2Fcomments&post=34466"}],"version-history":[{"count":0,"href":"https:\/\/gerardoduque.com.mx\/index.php?rest_route=\/wp\/v2\/posts\/34466\/revisions"}],"wp:featuredmedia":[{"embeddable":true,"href":"https:\/\/gerardoduque.com.mx\/index.php?rest_route=\/wp\/v2\/media\/34467"}],"wp:attachment":[{"href":"https:\/\/gerardoduque.com.mx\/index.php?rest_route=%2Fwp%2Fv2%2Fmedia&parent=34466"}],"wp:term":[{"taxonomy":"category","embeddable":true,"href":"https:\/\/gerardoduque.com.mx\/index.php?rest_route=%2Fwp%2Fv2%2Fcategories&post=34466"},{"taxonomy":"post_tag","embeddable":true,"href":"https:\/\/gerardoduque.com.mx\/index.php?rest_route=%2Fwp%2Fv2%2Ftags&post=34466"}],"curies":[{"name":"wp","href":"https:\/\/api.w.org\/{rel}","templated":true}]}}