{"id":34409,"date":"2025-02-26T22:07:45","date_gmt":"2025-02-27T04:07:45","guid":{"rendered":"https:\/\/gerardoduque.com.mx\/?p=34409"},"modified":"2025-02-26T22:07:51","modified_gmt":"2025-02-27T04:07:51","slug":"ruth-gonzalez-asegura-que-no-sera-candidata-a-la-gubernatura","status":"publish","type":"post","link":"https:\/\/gerardoduque.com.mx\/?p=34409","title":{"rendered":"RUTH GONZ\u00c1LEZ ASEGURA QUE NO SER\u00c1 CANDIDATA A LA GUBERNATURA"},"content":{"rendered":"\n<p>La Senadora del Partido Verde Ecologista de M\u00e9xico, Ruth Gonz\u00e1lez Silva, consider\u00f3 que la propuesta de reforma contra el nepotismo y la no reelecci\u00f3n de la presidenta Claudia Sheinbaum Pardo debi\u00f3 aplicarse desde el a\u00f1o 2027 y aclar\u00f3 que no tiene inter\u00e9s en contender por la gubernatura de San Luis Potos\u00ed.<\/p>\n\n\n\n<p>Luego de que dicha propuesta de reforma fuera aprobada hoy en el Senado de la Rep\u00fablica, pero para aplicarse hasta el a\u00f1o 2030, la presidenta de la Comisi\u00f3n de Relaciones Exteriores Am\u00e9rica del Norte del Senado de la Rep\u00fablica enfatiz\u00f3 que el nepotismo debi\u00f3 prohibirse desde d\u00e9cadas atr\u00e1s para evitar el da\u00f1o que tanto hicieron grupos de poder en el estado de San Luis Potos\u00ed.<\/p>\n\n\n\n<p>Convoc\u00f3 a las y los potosinos a revisitar la historia del estado, cuando un grupo de familias se traspasaban el poder pol\u00edtico y se repart\u00edan los cargos p\u00fablicos, sin aportar al crecimiento econ\u00f3mico, al desarrollo y la justicia social, colocando la entidad en los \u00faltimos lugares de crecimiento en el pa\u00eds.<\/p>\n\n\n\n<p>\u201cGracias a esta reforma, que en lo personal considero que debi\u00f3 aplicarse en 2027, acabaremos con los cacicazgos reales, los que hubo en el pasado y que dejaron a nuestro estado en ruinas, marginaci\u00f3n, atraso econ\u00f3mico y pobreza\u201d, expres\u00f3.<\/p>\n\n\n\n<p>Adem\u00e1s, Gonz\u00e1lez Silva rechaz\u00f3 tener aspiraciones a la gubernatura de San Luis Potos\u00ed en 2027 y enfatiz\u00f3 que su compromiso es representar a los potosinos y a los mexicanos en el Senado de la Rep\u00fablica hasta el a\u00f1o 2030.<\/p>\n\n\n\n<p>\u201cMi deber es servir a la naci\u00f3n desde el Senado, que quede muy claro\u201d, recalc\u00f3.<\/p>\n\n\n\n<p>\u201cApoyo totalmente a la presidenta Claudia Sheinbaum y su reforma contra el nepotismo y la no reelecci\u00f3n, San Luis Potos\u00ed tendr\u00e1 un futuro mejor\u201d, concluy\u00f3 la Senadora.<\/p>\n","protected":false},"excerpt":{"rendered":"<p>La Senadora dijo que la reforma contra el nepotismo debi\u00f3 implementarse desde d\u00e9cadas atr\u00e1s <\/p>\n","protected":false},"author":4,"featured_media":34410,"comment_status":"closed","ping_status":"closed","sticky":false,"template":"","format":"standard","meta":{"_et_pb_use_builder":"off","_et_pb_old_content":"","_et_gb_content_width":"","footnotes":""},"categories":[412,62],"tags":[],"class_list":["post-34409","post","type-post","status-publish","format-standard","has-post-thumbnail","hentry","category-destacado","category-redaccion"],"_links":{"self":[{"href":"https:\/\/gerardoduque.com.mx\/index.php?rest_route=\/wp\/v2\/posts\/34409","targetHints":{"allow":["GET"]}}],"collection":[{"href":"https:\/\/gerardoduque.com.mx\/index.php?rest_route=\/wp\/v2\/posts"}],"about":[{"href":"https:\/\/gerardoduque.com.mx\/index.php?rest_route=\/wp\/v2\/types\/post"}],"author":[{"embeddable":true,"href":"https:\/\/gerardoduque.com.mx\/index.php?rest_route=\/wp\/v2\/users\/4"}],"replies":[{"embeddable":true,"href":"https:\/\/gerardoduque.com.mx\/index.php?rest_route=%2Fwp%2Fv2%2Fcomments&post=34409"}],"version-history":[{"count":0,"href":"https:\/\/gerardoduque.com.mx\/index.php?rest_route=\/wp\/v2\/posts\/34409\/revisions"}],"wp:featuredmedia":[{"embeddable":true,"href":"https:\/\/gerardoduque.com.mx\/index.php?rest_route=\/wp\/v2\/media\/34410"}],"wp:attachment":[{"href":"https:\/\/gerardoduque.com.mx\/index.php?rest_route=%2Fwp%2Fv2%2Fmedia&parent=34409"}],"wp:term":[{"taxonomy":"category","embeddable":true,"href":"https:\/\/gerardoduque.com.mx\/index.php?rest_route=%2Fwp%2Fv2%2Fcategories&post=34409"},{"taxonomy":"post_tag","embeddable":true,"href":"https:\/\/gerardoduque.com.mx\/index.php?rest_route=%2Fwp%2Fv2%2Ftags&post=34409"}],"curies":[{"name":"wp","href":"https:\/\/api.w.org\/{rel}","templated":true}]}}