{"id":34375,"date":"2025-02-25T11:31:47","date_gmt":"2025-02-25T17:31:47","guid":{"rendered":"https:\/\/gerardoduque.com.mx\/?p=34375"},"modified":"2025-02-25T11:31:54","modified_gmt":"2025-02-25T17:31:54","slug":"cepeda-echavarria-quiere-deshacerse-de-la-prueba-del-delito","status":"publish","type":"post","link":"https:\/\/gerardoduque.com.mx\/?p=34375","title":{"rendered":"CEPEDA ECHAVARR\u00cdA QUIERE DESHACERSE DE LA \u00abPRUEBA\u00bb DEL DELITO"},"content":{"rendered":"\n<p>Carlos Adri\u00e1n Cepeda Echavarr\u00eda pretende vender una camioneta que est\u00e1 involucrada en un hecho grave.<\/p>\n\n\n\n<p>Carlos Adri\u00e1n Cepeda Echavarr\u00eda atropell\u00f3 (en diciembre) a un joven ind\u00edgena Teenek en el municipio de Aquism\u00f3n.<\/p>\n\n\n\n<p>Carlos Adri\u00e1n Cepeda Echavarr\u00eda evadi\u00f3 su responsabilidad de dar acompa\u00f1amiento a la v\u00edctima, y a causa de eso el joven sufri\u00f3 una amputaci\u00f3n en su pierna derecha.<\/p>\n\n\n\n<p>Carlos Adri\u00e1n Cepeda Echavarr\u00eda es funcionario dentro del Gobierno del Estado de San Luis Potos\u00ed.<\/p>\n\n\n\n<p>Existe un procedimiento jur\u00eddico en contra de Carlos Adri\u00e1n Cepeda Echavarr\u00eda, pero la Fiscal\u00eda General del Estado de San Luis Potos\u00ed mantiene \u00abcongelado\u00bb el proceso contra el funcionario estatal.<\/p>\n","protected":false},"excerpt":{"rendered":"<p>Carlos Adri\u00e1n Cepeda Echavarr\u00eda pretende vender una camioneta que est\u00e1 involucrada en un hecho grave. Carlos Adri\u00e1n Cepeda Echavarr\u00eda atropell\u00f3 (en diciembre) a un joven ind\u00edgena Teenek en el municipio de Aquism\u00f3n. Carlos Adri\u00e1n Cepeda Echavarr\u00eda evadi\u00f3 su responsabilidad de dar acompa\u00f1amiento a la v\u00edctima, y a causa de eso el joven sufri\u00f3 una amputaci\u00f3n [&hellip;]<\/p>\n","protected":false},"author":4,"featured_media":34376,"comment_status":"closed","ping_status":"closed","sticky":false,"template":"","format":"standard","meta":{"_et_pb_use_builder":"off","_et_pb_old_content":"","_et_gb_content_width":"","footnotes":""},"categories":[412,62],"tags":[],"class_list":["post-34375","post","type-post","status-publish","format-standard","has-post-thumbnail","hentry","category-destacado","category-redaccion"],"_links":{"self":[{"href":"https:\/\/gerardoduque.com.mx\/index.php?rest_route=\/wp\/v2\/posts\/34375","targetHints":{"allow":["GET"]}}],"collection":[{"href":"https:\/\/gerardoduque.com.mx\/index.php?rest_route=\/wp\/v2\/posts"}],"about":[{"href":"https:\/\/gerardoduque.com.mx\/index.php?rest_route=\/wp\/v2\/types\/post"}],"author":[{"embeddable":true,"href":"https:\/\/gerardoduque.com.mx\/index.php?rest_route=\/wp\/v2\/users\/4"}],"replies":[{"embeddable":true,"href":"https:\/\/gerardoduque.com.mx\/index.php?rest_route=%2Fwp%2Fv2%2Fcomments&post=34375"}],"version-history":[{"count":0,"href":"https:\/\/gerardoduque.com.mx\/index.php?rest_route=\/wp\/v2\/posts\/34375\/revisions"}],"wp:featuredmedia":[{"embeddable":true,"href":"https:\/\/gerardoduque.com.mx\/index.php?rest_route=\/wp\/v2\/media\/34376"}],"wp:attachment":[{"href":"https:\/\/gerardoduque.com.mx\/index.php?rest_route=%2Fwp%2Fv2%2Fmedia&parent=34375"}],"wp:term":[{"taxonomy":"category","embeddable":true,"href":"https:\/\/gerardoduque.com.mx\/index.php?rest_route=%2Fwp%2Fv2%2Fcategories&post=34375"},{"taxonomy":"post_tag","embeddable":true,"href":"https:\/\/gerardoduque.com.mx\/index.php?rest_route=%2Fwp%2Fv2%2Ftags&post=34375"}],"curies":[{"name":"wp","href":"https:\/\/api.w.org\/{rel}","templated":true}]}}