{"id":34330,"date":"2025-02-24T07:33:00","date_gmt":"2025-02-24T13:33:00","guid":{"rendered":"https:\/\/gerardoduque.com.mx\/?p=34330"},"modified":"2025-02-24T07:33:09","modified_gmt":"2025-02-24T13:33:09","slug":"se-registra-accidente-en-el-autodromo-san-luis-400","status":"publish","type":"post","link":"https:\/\/gerardoduque.com.mx\/?p=34330","title":{"rendered":"SE REGISTRA ACCIDENTE EN EL AUT\u00d3DROMO SAN LUIS 400"},"content":{"rendered":"\n<p>La tarde de este domingo 23 de febrero, se registr\u00f3 un accidente por exceso de velocidad en el que estuvieron involucradas dos personas durante un entrenamiento en el Aut\u00f3dromo San Luis 400, mismo que fue atendido de manera inmediata por las autoridades correspondientes.<\/p>\n\n\n\n<p>Como resultado de este hecho, una persona perdi\u00f3 la vida mientras era atendida y otra m\u00e1s result\u00f3 herida siendo trasladada a recibir atenci\u00f3n m\u00e9dica al centro m\u00e1s cercano.<\/p>\n\n\n\n<p>Cabe mencionar que el evento contaba con todas las medidas de seguridad necesarias para su realizaci\u00f3n, inclu\u00eddas dos ambulancias, las cuales atendieron el hecho de inmediato. El promotor, en coordinaci\u00f3n con las autoridades del parque procedieron a la cancelaci\u00f3n del evento.<\/p>\n\n\n\n<p>De igual forma, las autoridades del Parque Tangamanga II estuvieron en una constante coordinaci\u00f3n con el promotor atendiendo a los involucrados en este hecho a la par, de desalojar el inmueble en su totalidad.<\/p>\n","protected":false},"excerpt":{"rendered":"<p>Se registr\u00f3 un accidente por exceso de velocidad en el que estuvieron involucradas dos personas durante un entrenamiento en el Aut\u00f3dromo San Luis 400<\/p>\n","protected":false},"author":4,"featured_media":34331,"comment_status":"closed","ping_status":"closed","sticky":false,"template":"","format":"standard","meta":{"_et_pb_use_builder":"off","_et_pb_old_content":"","_et_gb_content_width":"","footnotes":""},"categories":[412,280],"tags":[72,66],"class_list":["post-34330","post","type-post","status-publish","format-standard","has-post-thumbnail","hentry","category-destacado","category-gob-slp","tag-gobierno-del-estado","tag-san-luis-potosi"],"_links":{"self":[{"href":"https:\/\/gerardoduque.com.mx\/index.php?rest_route=\/wp\/v2\/posts\/34330","targetHints":{"allow":["GET"]}}],"collection":[{"href":"https:\/\/gerardoduque.com.mx\/index.php?rest_route=\/wp\/v2\/posts"}],"about":[{"href":"https:\/\/gerardoduque.com.mx\/index.php?rest_route=\/wp\/v2\/types\/post"}],"author":[{"embeddable":true,"href":"https:\/\/gerardoduque.com.mx\/index.php?rest_route=\/wp\/v2\/users\/4"}],"replies":[{"embeddable":true,"href":"https:\/\/gerardoduque.com.mx\/index.php?rest_route=%2Fwp%2Fv2%2Fcomments&post=34330"}],"version-history":[{"count":0,"href":"https:\/\/gerardoduque.com.mx\/index.php?rest_route=\/wp\/v2\/posts\/34330\/revisions"}],"wp:featuredmedia":[{"embeddable":true,"href":"https:\/\/gerardoduque.com.mx\/index.php?rest_route=\/wp\/v2\/media\/34331"}],"wp:attachment":[{"href":"https:\/\/gerardoduque.com.mx\/index.php?rest_route=%2Fwp%2Fv2%2Fmedia&parent=34330"}],"wp:term":[{"taxonomy":"category","embeddable":true,"href":"https:\/\/gerardoduque.com.mx\/index.php?rest_route=%2Fwp%2Fv2%2Fcategories&post=34330"},{"taxonomy":"post_tag","embeddable":true,"href":"https:\/\/gerardoduque.com.mx\/index.php?rest_route=%2Fwp%2Fv2%2Ftags&post=34330"}],"curies":[{"name":"wp","href":"https:\/\/api.w.org\/{rel}","templated":true}]}}