{"id":34327,"date":"2025-02-23T13:33:24","date_gmt":"2025-02-23T19:33:24","guid":{"rendered":"https:\/\/gerardoduque.com.mx\/?p=34327"},"modified":"2025-02-23T13:33:28","modified_gmt":"2025-02-23T19:33:28","slug":"vinculados-a-desapariciones-extorsiones-y-ataques-fueron-detenidos-en-cardenas","status":"publish","type":"post","link":"https:\/\/gerardoduque.com.mx\/?p=34327","title":{"rendered":"VINCULADOS A DESAPARICIONES, EXTORSIONES Y ATAQUES, FUERON DETENIDOS EN C\u00c1RDENAS"},"content":{"rendered":"\n<p>Este fin de semana se registr\u00f3 un fuerte enfrentamiento entre integrantes de un grupo delincuencial y fuerzas de seguridad federales y estatales, en un camino de terracer\u00eda ubicado a dos kil\u00f3metros del eje federal carretero C\u00e1rdenas \u2013 Ray\u00f3n, en la zona Media de la entidad.<\/p>\n\n\n\n<p>Tras la refriega los elementos militares y los agentes de la Guardia Civil Estatal lograron la detenci\u00f3n de tres sujetos, a quienes se les decomisaron armas de grueso calibre, siete veh\u00edculos con reporte de robo vigente, cinco cascos, tres chalecos t\u00e1cticos, una mochila con 37 \u201cponcha llantas\u201d y una garrafa con capacidad de veinte litros que conten\u00eda en su interior l\u00edquido con las caracter\u00edsticas de la sosa c\u00e1ustica<\/p>\n\n\n\n<p>A trav\u00e9s de un comunicado de prensa, la Secretar\u00eda de Seguridad del Estado precis\u00f3 que los tres detenidos est\u00e1n considerados como objetivos criminales prioritarios, por ser generadores de violencia, vinculados a desapariciones de personas, cobros de piso y ataques armados en la zona Media de la entidad.<\/p>\n\n\n\n<p>Los detenidos son Leonel de 20 a\u00f1os de edad, originario del estado de Quer\u00e9taro; Jes\u00fas de 26 a\u00f1os de edad originario de Tamu\u00edn San Luis Potos\u00ed; y Bryan de 24 a\u00f1os de edad originario de Tecolotl\u00e1n Jalisco.<\/p>\n\n\n\n<p>Los veh\u00edculos que se les logr\u00f3 asegurar fueron robados con violencia en caminos y carreteras de los municipios de Guadalc\u00e1zar, Cerritos, Matehuala y Villa de Guadalupe.<\/p>\n\n\n\n<p>Los detenidos y lo asegurado fueron puestos a disposici\u00f3n de la autoridad competente para lo que se determine procedente.<\/p>\n","protected":false},"excerpt":{"rendered":"<p>Sostuvieron un enfrentamiento contra fuerzas de seguridad <\/p>\n","protected":false},"author":4,"featured_media":34328,"comment_status":"closed","ping_status":"closed","sticky":false,"template":"","format":"standard","meta":{"_et_pb_use_builder":"off","_et_pb_old_content":"","_et_gb_content_width":"","footnotes":""},"categories":[412,62],"tags":[],"class_list":["post-34327","post","type-post","status-publish","format-standard","has-post-thumbnail","hentry","category-destacado","category-redaccion"],"_links":{"self":[{"href":"https:\/\/gerardoduque.com.mx\/index.php?rest_route=\/wp\/v2\/posts\/34327","targetHints":{"allow":["GET"]}}],"collection":[{"href":"https:\/\/gerardoduque.com.mx\/index.php?rest_route=\/wp\/v2\/posts"}],"about":[{"href":"https:\/\/gerardoduque.com.mx\/index.php?rest_route=\/wp\/v2\/types\/post"}],"author":[{"embeddable":true,"href":"https:\/\/gerardoduque.com.mx\/index.php?rest_route=\/wp\/v2\/users\/4"}],"replies":[{"embeddable":true,"href":"https:\/\/gerardoduque.com.mx\/index.php?rest_route=%2Fwp%2Fv2%2Fcomments&post=34327"}],"version-history":[{"count":0,"href":"https:\/\/gerardoduque.com.mx\/index.php?rest_route=\/wp\/v2\/posts\/34327\/revisions"}],"wp:featuredmedia":[{"embeddable":true,"href":"https:\/\/gerardoduque.com.mx\/index.php?rest_route=\/wp\/v2\/media\/34328"}],"wp:attachment":[{"href":"https:\/\/gerardoduque.com.mx\/index.php?rest_route=%2Fwp%2Fv2%2Fmedia&parent=34327"}],"wp:term":[{"taxonomy":"category","embeddable":true,"href":"https:\/\/gerardoduque.com.mx\/index.php?rest_route=%2Fwp%2Fv2%2Fcategories&post=34327"},{"taxonomy":"post_tag","embeddable":true,"href":"https:\/\/gerardoduque.com.mx\/index.php?rest_route=%2Fwp%2Fv2%2Ftags&post=34327"}],"curies":[{"name":"wp","href":"https:\/\/api.w.org\/{rel}","templated":true}]}}