{"id":34300,"date":"2025-02-22T16:20:37","date_gmt":"2025-02-22T22:20:37","guid":{"rendered":"https:\/\/gerardoduque.com.mx\/?p=34300"},"modified":"2025-02-22T16:20:41","modified_gmt":"2025-02-22T22:20:41","slug":"morena-se-convirtio-en-el-pri","status":"publish","type":"post","link":"https:\/\/gerardoduque.com.mx\/?p=34300","title":{"rendered":"MORENA SE CONVIRTI\u00d3 EN EL PRI"},"content":{"rendered":"\n<p><strong>POR: CIUDADANOS OBSERVANDO<\/strong><\/p>\n\n\n\n<p>El partido pol\u00edtico MORENA ha dejado claro que la opini\u00f3n de su militancia ya no es relevante.<\/p>\n\n\n\n<p>La reciente incorporaci\u00f3n de figuras del PRI y el PAN, como los hermanos Yunes y Alejandro Murat, confirma que el partido gobernante ha perdido su identidad y se ha convertido en una maquinaria pol\u00edtica cuyo \u00fanico objetivo es consolidar su poder, sin importar la coherencia ideol\u00f3gica o el sentir de sus bases.<\/p>\n\n\n\n<p>Lo que alguna vez fue un movimiento contra las viejas pr\u00e1cticas pol\u00edticas, hoy absorbe a los mismos actores que representan la corrupci\u00f3n y el nepotismo.<\/p>\n\n\n\n<p>Lejos de ser un partido con ideales firmes, MORENA es ahora un \u201cFrankenstein pol\u00edtico\u201d, ensamblado con piezas de aquellos a quienes antes combat\u00eda. Su af\u00e1n de crecer a toda costa lo ha llevado a repetir las pr\u00e1cticas del PRI de los a\u00f1os 70, donde el pragmatismo electoral es m\u00e1s importante que la congruencia.<\/p>\n\n\n\n<p>En este escenario, la militancia es un actor secundario, una base movilizada solamente cuando es necesario, pero ignorada en la toma de decisiones.<\/p>\n\n\n\n<p>La hipocres\u00eda de MORENA es evidente. Los Yunes y Murat fueron, hasta hace poco, opositores declarados del partido y de la \u201ccuarta transformaci\u00f3n\u201d. Ahora son recibidos con los brazos abiertos, mientras militantes de a\u00f1os que creyeron en un verdadero cambio ven con indignaci\u00f3n c\u00f3mo su partido se llena de personajes que representan lo que se supon\u00eda deb\u00eda erradicarse.<\/p>\n\n\n\n<p>Esta contradicci\u00f3n ha generado un fuerte descontento en las bases, que ven c\u00f3mo la dirigencia desoye sus reclamos y sigue privilegiando alianzas con quienes garantizan votos, aunque sean los mismos que antes traicionaron al pueblo.<\/p>\n\n\n\n<p>Las cr\u00edticas han sido constantes, pero la c\u00fapula de MORENA, encabezada por Ad\u00e1n Augusto L\u00f3pez, Gerardo Fern\u00e1ndez Noro\u00f1a y Luisa Mar\u00eda Alcalde, se ha limitado a justificar la incorporaci\u00f3n de estos pol\u00edticos con el argumento de la inclusi\u00f3n.<\/p>\n\n\n\n<p>M\u00e1s preocupante a\u00fan, cuando Sheinbaum fue cuestionada sobre la afiliaci\u00f3n de los Yunes, opt\u00f3 por deslindarse de la decisi\u00f3n, afirmando que ella \u00abno pertenece a MORENA\u00bb y que corresponde a las instancias del partido decidir sobre sus nuevos integrantes. Sin embargo, esta postura convenenciera contrasta con su constante expresi\u00f3n de orgullo por la \u201ccuarta transformaci\u00f3n\u201d y su pertenencia al movimiento.<\/p>\n\n\n\n<p>Para algunos temas pol\u00edticos, Sheinbaum toma una postura firme, pero cuando las decisiones de MORENA resultan cuestionables, prefiere lavarse las manos.<\/p>\n\n\n\n<p>Estamos presenciando el regreso de las viejas pr\u00e1cticas autoritarias bajo un nuevo disfraz. MORENA se perfila como un partido que centraliza el poder, elimina la oposici\u00f3n y se rodea de los mismos actores que antes criticaba.<\/p>\n\n\n\n<p>La pregunta es inevitable: \u00bfhasta cu\u00e1ndo soportar\u00e1n sus verdaderos militantes esta traici\u00f3n?<\/p>\n\n\n\n<p>Y m\u00e1s grave a\u00fan, \u00bfcu\u00e1n cerca estamos de ver el resurgimiento del PRI hegem\u00f3nico, ahora bajo el nombre de MORENA?<\/p>\n","protected":false},"excerpt":{"rendered":"<p>POR: CIUDADANOS OBSERVANDO<\/p>\n","protected":false},"author":4,"featured_media":34301,"comment_status":"closed","ping_status":"closed","sticky":false,"template":"","format":"standard","meta":{"_et_pb_use_builder":"off","_et_pb_old_content":"","_et_gb_content_width":"","footnotes":""},"categories":[412,62],"tags":[],"class_list":["post-34300","post","type-post","status-publish","format-standard","has-post-thumbnail","hentry","category-destacado","category-redaccion"],"_links":{"self":[{"href":"https:\/\/gerardoduque.com.mx\/index.php?rest_route=\/wp\/v2\/posts\/34300","targetHints":{"allow":["GET"]}}],"collection":[{"href":"https:\/\/gerardoduque.com.mx\/index.php?rest_route=\/wp\/v2\/posts"}],"about":[{"href":"https:\/\/gerardoduque.com.mx\/index.php?rest_route=\/wp\/v2\/types\/post"}],"author":[{"embeddable":true,"href":"https:\/\/gerardoduque.com.mx\/index.php?rest_route=\/wp\/v2\/users\/4"}],"replies":[{"embeddable":true,"href":"https:\/\/gerardoduque.com.mx\/index.php?rest_route=%2Fwp%2Fv2%2Fcomments&post=34300"}],"version-history":[{"count":0,"href":"https:\/\/gerardoduque.com.mx\/index.php?rest_route=\/wp\/v2\/posts\/34300\/revisions"}],"wp:featuredmedia":[{"embeddable":true,"href":"https:\/\/gerardoduque.com.mx\/index.php?rest_route=\/wp\/v2\/media\/34301"}],"wp:attachment":[{"href":"https:\/\/gerardoduque.com.mx\/index.php?rest_route=%2Fwp%2Fv2%2Fmedia&parent=34300"}],"wp:term":[{"taxonomy":"category","embeddable":true,"href":"https:\/\/gerardoduque.com.mx\/index.php?rest_route=%2Fwp%2Fv2%2Fcategories&post=34300"},{"taxonomy":"post_tag","embeddable":true,"href":"https:\/\/gerardoduque.com.mx\/index.php?rest_route=%2Fwp%2Fv2%2Ftags&post=34300"}],"curies":[{"name":"wp","href":"https:\/\/api.w.org\/{rel}","templated":true}]}}