{"id":34296,"date":"2025-02-22T13:26:23","date_gmt":"2025-02-22T19:26:23","guid":{"rendered":"https:\/\/gerardoduque.com.mx\/?p=34296"},"modified":"2025-02-22T13:26:32","modified_gmt":"2025-02-22T19:26:32","slug":"gce-confirma-detencion-de-el-alacran-en-ciudad-valles-es-jefe-criminal-en-la-region-huasteca","status":"publish","type":"post","link":"https:\/\/gerardoduque.com.mx\/?p=34296","title":{"rendered":"GCE CONFIRMA DETENCI\u00d3N DE \u00abEL ALACR\u00c1N\u00bb EN CIUDAD VALLES; ES JEFE CRIMINAL EN LA REGI\u00d3N HUASTECA"},"content":{"rendered":"\n<p>La ma\u00f1ana de este s\u00e1bado a trav\u00e9s de un bolet\u00edn enviado a medios de comunicaci\u00f3n la Guardia Civil Estatal brind\u00f3 detalles sobre la captura de un objetivo criminal en Ciudad Valles<\/p>\n\n\n\n<p>Se trata de un hombre considerado dentro del cat\u00e1logo criminal como \u201cjefe de plaza\u201d en la regi\u00f3n Huasteca.<\/p>\n\n\n\n<p>\u201c\ud835\ude40\ud835\ude63 \ud835\ude5a\ud835\ude61 \ud835\ude62\ud835\ude56\ud835\ude67\ud835\ude58\ud835\ude64 \ud835\ude59\ud835\ude5a\ud835\ude61 \ud835\ude64\ud835\ude65\ud835\ude5a\ud835\ude67\ud835\ude56\ud835\ude69\ud835\ude5e\ud835\ude6b\ud835\ude64 \ud835\ude43\ud835\ude6a\ud835\ude56\ud835\ude68\ud835\ude69\ud835\ude5a\ud835\ude58\ud835\ude56 \ud835\ude4e\ud835\ude5a\ud835\ude5c\ud835\ude6a\ud835\ude67\ud835\ude56 \ud835\ude5e\ud835\ude62\ud835\ude65\ud835\ude61\ud835\ude5a\ud835\ude62\ud835\ude5a\ud835\ude63\ud835\ude69\ud835\ude56\ud835\ude59\ud835\ude64 \ud835\ude61\ud835\ude56 \ud835\ude69\ud835\ude56\ud835\ude67\ud835\ude59\ud835\ude5a \ud835\ude59\ud835\ude5a \ud835\ude56\ud835\ude6e\ud835\ude5a\ud835\ude67 \ud835\ude6b\ud835\ude5e\ud835\ude5a\ud835\ude67\ud835\ude63\ud835\ude5a\ud835\ude68 \ud835\ude68\ud835\ude64\ud835\ude57\ud835\ude67\ud835\ude5a \ud835\ude61\ud835\ude56 \ud835\ude58\ud835\ude56\ud835\ude61\ud835\ude61\ud835\ude5a \ud835\ude3e\ud835\ude56\ud835\ude67\ud835\ude61\ud835\ude64\ud835\ude68 \ud835\ude4e\ud835\ude56\ud835\ude61\ud835\ude5e\ud835\ude63\ud835\ude56\ud835\ude68 \ud835\ude59\ud835\ude5a \ud835\ude42\ud835\ude64\ud835\ude67\ud835\ude69\ud835\ude56\ud835\ude67\ud835\ude5e \ud835\ude5a\ud835\ude63 \ud835\ude61\ud835\ude56 \ud835\ude58\ud835\ude64\ud835\ude61\ud835\ude64\ud835\ude63\ud835\ude5e\ud835\ude56 \ud835\ude3d\ud835\ude6a\ud835\ude5a\ud835\ude63\ud835\ude64\ud835\ude68 \ud835\ude3c\ud835\ude5e\ud835\ude67\ud835\ude5a\ud835\ude68, \ud835\ude68\ud835\ude5a \ud835\ude61\ud835\ude64\ud835\ude5c\ud835\ude67\ud835\ude56 \ud835\ude61\ud835\ude56 \ud835\ude59\ud835\ude5a\ud835\ude69\ud835\ude5a\ud835\ude63\ud835\ude58\ud835\ude5e\ud835\ude64\u0301\ud835\ude63 \ud835\ude59\ud835\ude5a\ud835\ude61 \ud835\ude68\ud835\ude6a\ud835\ude5f\ud835\ude5a\ud835\ude69\ud835\ude64 \ud835\ude5a\ud835\ude63 \ud835\ude62\ud835\ude5a\ud835\ude63\ud835\ude58\ud835\ude5e\ud835\ude64\u0301\ud835\ude63, \ud835\ude61\ud835\ude6a\ud835\ude5a\ud835\ude5c\ud835\ude64 \ud835\ude59\ud835\ude5a \ud835\ude66\ud835\ude6a\ud835\ude5a \ud835\ude65\ud835\ude67\ud835\ude5a\ud835\ude69\ud835\ude5a\ud835\ude63\ud835\ude59\ud835\ude5e\ud835\ude64\u0301 \ud835\ude5a\ud835\ude6b\ud835\ude56\ud835\ude59\ud835\ude5e\ud835\ude67 \ud835\ude61\ud835\ude56 \ud835\ude65\ud835\ude67\ud835\ude5a\ud835\ude68\ud835\ude5a\ud835\ude63\ud835\ude58\ud835\ude5e\ud835\ude56 \ud835\ude65\ud835\ude64\ud835\ude61\ud835\ude5e\ud835\ude58\ud835\ude5e\ud835\ude56\ud835\ude61, \ud835\ude5d\ud835\ude6a\ud835\ude6e\ud835\ude5a\ud835\ude63\ud835\ude59\ud835\ude64 \ud835\ude65\ud835\ude64\ud835\ude67 \ud835\ude6a\ud835\ude63\ud835\ude64\ud835\ude68 \ud835\ude62\ud835\ude64\ud835\ude62\ud835\ude5a\ud835\ude63\ud835\ude69\ud835\ude64\ud835\ude68 \ud835\ude56 \ud835\ude57\ud835\ude64\ud835\ude67\ud835\ude59\ud835\ude64 \ud835\ude59\ud835\ude5a \ud835\ude6a\ud835\ude63\ud835\ude56 \ud835\ude58\ud835\ude56\ud835\ude62\ud835\ude5e\ud835\ude64\ud835\ude63\ud835\ude5a\ud835\ude69\ud835\ude56 \ud835\ude62\ud835\ude56\ud835\ude67\ud835\ude58\ud835\ude56 \ud835\ude42\ud835\ude48\ud835\ude3e \ud835\ude4e\ud835\ude5e\ud835\ude5a\ud835\ude67\ud835\ude67\ud835\ude56 \ud835\ude5a\ud835\ude63 \ud835\ude58\ud835\ude64\ud835\ude61\ud835\ude64\ud835\ude67 \ud835\ude57\ud835\ude61\ud835\ude56\ud835\ude63\ud835\ude58\ud835\ude64, \ud835\ude62\ud835\ude64\ud835\ude59\ud835\ude5a\ud835\ude61\ud835\ude64 2021\u201d, se cita en el comunicado.<\/p>\n\n\n\n<p>Al ahora detenido, identificado como Marco N. Alias \u201cEl Alacr\u00e1n\u201d de 33 a\u00f1os de edad, se le localiz\u00f3 una bolsa transparente tipo ziploc con polvo en color blanco al parecer coca\u00edna con un peso de 1.9 gramos, una granada de fragmentaci\u00f3n tipo pi\u00f1a, 12 \u201cponchallantas\u201d, un arma larga, as\u00ed como cartuchos \u00fatiles calibres 5.56 y .223.<\/p>\n\n\n\n<p>Las autoridades informaron que el sujeto es originario y con residencia en la ciudad de Matamoros (Tamaulipas), y est\u00e1 considerado como jefe de plaza de un grupo delincuencial que operaba en municipios de la Huasteca Potosina. Tras dar lectura a los derechos que le asisten, se le puso a disposici\u00f3n de la FGR donde se resolver\u00e1 su situaci\u00f3n legal.<\/p>\n\n\n\n<p><img decoding=\"async\" height=\"16\" width=\"16\" alt=\"\ud83d\udd34\" src=\"https:\/\/static.xx.fbcdn.net\/images\/emoji.php\/v9\/t6e\/1\/16\/1f534.png\"> \ud835\udde5\ud835\uddd8\ud835\uddd4\ud835\uddd6\ud835\uddd6\ud835\udddc\ud835\udde2\ud835\udde1\ud835\uddd8\ud835\udde6<\/p>\n\n\n\n<p>Tras la detenci\u00f3n de \u201cel Alacr\u00e1n\u201d, sujetos armados obligaron a automovilistas y conductores de camiones a descender de sus unidades en Ciudad Valles.<\/p>\n\n\n\n<p>Luego, los veh\u00edculos fueron utilizados para bloquear vialidades en la zona urbana de Ciudad Valles y en caminos del \u00e1rea rural.<\/p>\n\n\n\n<p>Tambi\u00e9n se registraron balaceras en diversos sectores del municipio.<\/p>\n\n\n\n<p>Adem\u00e1s, los integrantes del grupo criminal lanzaron ponchallantas en calles y carreteras de Valles.<\/p>\n\n\n\n<p>Una veintena de veh\u00edculos particulares resultaron da\u00f1ados en los neum\u00e1ticos. Tambi\u00e9n algunas patrullas quedaron ponchadas.<\/p>\n\n\n\n<p>El presidente municipal de Ciudad Valles, David Medina Salazar, envi\u00f3 un mensaje a la poblaci\u00f3n: \u201c\ud835\ude68\ud835\ude5e \ud835\ude63\ud835\ude64 \ud835\ude5d\ud835\ude56\ud835\ude6e \ud835\ude63\ud835\ude5a\ud835\ude58\ud835\ude5a\ud835\ude68\ud835\ude5e\ud835\ude59\ud835\ude56\ud835\ude59 \ud835\ude59\ud835\ude5a \ud835\ude68\ud835\ude56\ud835\ude61\ud835\ude5e\ud835\ude67, \ud835\ude65\ud835\ude6a\ud835\ude5a\ud835\ude68 \ud835\ude66\ud835\ude6a\ud835\ude5a \ud835\ude61\ud835\ude64 \ud835\ude5a\ud835\ude6b\ud835\ude5e\ud835\ude69\ud835\ude5a\ud835\ude63\u2026 \ud835\ude65\ud835\ude6a\ud835\ude5a\ud835\ude68 \ud835\ude5a\ud835\ude68 \ud835\ude6a\ud835\ude63 \ud835\ude59\ud835\ude5e\u0301\ud835\ude56 \ud835\ude58\ud835\ude64\ud835\ude62\ud835\ude65\ud835\ude61\ud835\ude5e\ud835\ude58\ud835\ude56\ud835\ude59\ud835\ude64 \ud835\ude65\ud835\ude64\ud835\ude67 \ud835\ude61\ud835\ude56 \ud835\ude68\ud835\ude5e\ud835\ude69\ud835\ude6a\ud835\ude56\ud835\ude58\ud835\ude5e\ud835\ude64\u0301\ud835\ude63 \ud835\ude66\ud835\ude6a\ud835\ude5a \ud835\ude59\ud835\ude5a\ud835\ude68\ud835\ude5c\ud835\ude67\ud835\ude56\ud835\ude58\ud835\ude5e\ud835\ude56\ud835\ude59\ud835\ude56\ud835\ude62\ud835\ude5a\ud835\ude63\ud835\ude69\ud835\ude5a \ud835\ude5d\ud835\ude64\ud835\ude6e \ud835\ude5a\ud835\ude68\ud835\ude69\ud835\ude56\ud835\ude62\ud835\ude64\ud835\ude68 \ud835\ude6b\ud835\ude5e\ud835\ude6b\ud835\ude5e\ud835\ude5a\ud835\ude63\ud835\ude59\ud835\ude64\u201d.<\/p>\n","protected":false},"excerpt":{"rendered":"<p>Tras su captura se generaron bloqueos y balaceras en Valles <\/p>\n","protected":false},"author":4,"featured_media":34297,"comment_status":"closed","ping_status":"closed","sticky":false,"template":"","format":"standard","meta":{"_et_pb_use_builder":"off","_et_pb_old_content":"","_et_gb_content_width":"","footnotes":""},"categories":[412,62],"tags":[],"class_list":["post-34296","post","type-post","status-publish","format-standard","has-post-thumbnail","hentry","category-destacado","category-redaccion"],"_links":{"self":[{"href":"https:\/\/gerardoduque.com.mx\/index.php?rest_route=\/wp\/v2\/posts\/34296","targetHints":{"allow":["GET"]}}],"collection":[{"href":"https:\/\/gerardoduque.com.mx\/index.php?rest_route=\/wp\/v2\/posts"}],"about":[{"href":"https:\/\/gerardoduque.com.mx\/index.php?rest_route=\/wp\/v2\/types\/post"}],"author":[{"embeddable":true,"href":"https:\/\/gerardoduque.com.mx\/index.php?rest_route=\/wp\/v2\/users\/4"}],"replies":[{"embeddable":true,"href":"https:\/\/gerardoduque.com.mx\/index.php?rest_route=%2Fwp%2Fv2%2Fcomments&post=34296"}],"version-history":[{"count":0,"href":"https:\/\/gerardoduque.com.mx\/index.php?rest_route=\/wp\/v2\/posts\/34296\/revisions"}],"wp:featuredmedia":[{"embeddable":true,"href":"https:\/\/gerardoduque.com.mx\/index.php?rest_route=\/wp\/v2\/media\/34297"}],"wp:attachment":[{"href":"https:\/\/gerardoduque.com.mx\/index.php?rest_route=%2Fwp%2Fv2%2Fmedia&parent=34296"}],"wp:term":[{"taxonomy":"category","embeddable":true,"href":"https:\/\/gerardoduque.com.mx\/index.php?rest_route=%2Fwp%2Fv2%2Fcategories&post=34296"},{"taxonomy":"post_tag","embeddable":true,"href":"https:\/\/gerardoduque.com.mx\/index.php?rest_route=%2Fwp%2Fv2%2Ftags&post=34296"}],"curies":[{"name":"wp","href":"https:\/\/api.w.org\/{rel}","templated":true}]}}