{"id":34271,"date":"2025-02-22T01:09:55","date_gmt":"2025-02-22T07:09:55","guid":{"rendered":"https:\/\/gerardoduque.com.mx\/?p=34271"},"modified":"2025-02-22T01:09:59","modified_gmt":"2025-02-22T07:09:59","slug":"bloqueos-y-balaceras-tras-detencion-de-objetivo-criminal-en-ciudad-valles","status":"publish","type":"post","link":"https:\/\/gerardoduque.com.mx\/?p=34271","title":{"rendered":"BLOQUEOS Y BALACERAS TRAS DETENCI\u00d3N DE OBJETIVO CRIMINAL EN CIUDAD VALLES"},"content":{"rendered":"\n<p>Sujetos armados obligaron a automovilistas y conductores de camiones a descender de sus unidades.<\/p>\n\n\n\n<p>Luego, los veh\u00edculos fueron utilizados para bloquear vialidades en la zona urbana de Ciudad Valles y en caminos del \u00e1rea rural.<\/p>\n\n\n\n<p>Tambi\u00e9n se registraron balaceras en diversos sectores del municipio.<\/p>\n\n\n\n<p><strong><em>\u201cAparece la detenci\u00f3n de un objetivo, y la reacci\u00f3n de esta gente es hacer bloqueos para evitar que lo saquen de la ciudad\u201d,<\/em> <\/strong>explic\u00f3 en entrevista telef\u00f3nica el alcalde David Medina Salazar.<\/p>\n\n\n\n<p>Adem\u00e1s, los integrantes del grupo criminal lanzaron ponchallantas en calles y carreteras de Valles.<\/p>\n\n\n\n<p>Una veintena de veh\u00edculos particulares resultaron da\u00f1ados en los neum\u00e1ticos. Tambi\u00e9n algunas patrullas quedaron ponchadas.<\/p>\n\n\n\n<p>En una transmisi\u00f3n En Vivo a trav\u00e9s de radio y plataformas digitales el presidente municipal mand\u00f3 un mensaje a la poblaci\u00f3n: <strong><em>\u201csi no hay necesidad de salir, pues que lo eviten\u2026 pues es un d\u00eda complicado por la situaci\u00f3n que desgraciadamente hoy estamos viviendo\u201d.<\/em><\/strong><\/p>\n\n\n\n<p>Alrededor de las seis de la tarde, en la salida Valles \u2013 Mante, agentes de la Guardia Civil Estatal hab\u00edan interceptado un veh\u00edculo donde se trasladaba el \u201cobjetivo criminal\u201d.<\/p>\n\n\n\n<p>Tras la captura, civiles armados y agentes de seguridad p\u00fablica sostuvieron fuego cruzado que se extendi\u00f3 a las cercan\u00edas del Campo Habitacional Militar \u201cColonial\u201d.<\/p>\n\n\n\n<p>Durante media hora los agentes estatales improvisaron una \u201ctrinchera\u201d con patrullas al exterior de las instalaciones militares, para evitar que el detenido fuera rescatado por el grupo armado.<\/p>\n\n\n\n<p>Finalmente, en un convoy con veh\u00edculos artillados trasladaron al detenido hasta las instalaciones del Centro de Control, Comando, Comunicaciones y C\u00f3mputo (C4) que se ubica en el libramiento poniente de Ciudad Valles.<\/p>\n\n\n\n<p>A las 21:00 horas el detenido fue subido a un helic\u00f3ptero en el helipuerto del C4.<\/p>\n\n\n\n<p>El detenido iba fuertemente custodiado por polic\u00edas estatales y efectivos militares.<\/p>\n\n\n\n<p>Tras cinco horas de zozobra, fuentes al interior del Gobierno del Estado reconfirmaron que, \u201cun objetivo criminal\u201d fue detenido. No precisaron hacia d\u00f3nde lo traslad\u00f3 la aeronave.<\/p>\n","protected":false},"excerpt":{"rendered":"<p>Alcalde llam\u00f3 a evitar salir de sus domicilios <\/p>\n","protected":false},"author":4,"featured_media":34272,"comment_status":"closed","ping_status":"closed","sticky":false,"template":"","format":"standard","meta":{"_et_pb_use_builder":"off","_et_pb_old_content":"","_et_gb_content_width":"","footnotes":""},"categories":[412,62],"tags":[],"class_list":["post-34271","post","type-post","status-publish","format-standard","has-post-thumbnail","hentry","category-destacado","category-redaccion"],"_links":{"self":[{"href":"https:\/\/gerardoduque.com.mx\/index.php?rest_route=\/wp\/v2\/posts\/34271","targetHints":{"allow":["GET"]}}],"collection":[{"href":"https:\/\/gerardoduque.com.mx\/index.php?rest_route=\/wp\/v2\/posts"}],"about":[{"href":"https:\/\/gerardoduque.com.mx\/index.php?rest_route=\/wp\/v2\/types\/post"}],"author":[{"embeddable":true,"href":"https:\/\/gerardoduque.com.mx\/index.php?rest_route=\/wp\/v2\/users\/4"}],"replies":[{"embeddable":true,"href":"https:\/\/gerardoduque.com.mx\/index.php?rest_route=%2Fwp%2Fv2%2Fcomments&post=34271"}],"version-history":[{"count":0,"href":"https:\/\/gerardoduque.com.mx\/index.php?rest_route=\/wp\/v2\/posts\/34271\/revisions"}],"wp:featuredmedia":[{"embeddable":true,"href":"https:\/\/gerardoduque.com.mx\/index.php?rest_route=\/wp\/v2\/media\/34272"}],"wp:attachment":[{"href":"https:\/\/gerardoduque.com.mx\/index.php?rest_route=%2Fwp%2Fv2%2Fmedia&parent=34271"}],"wp:term":[{"taxonomy":"category","embeddable":true,"href":"https:\/\/gerardoduque.com.mx\/index.php?rest_route=%2Fwp%2Fv2%2Fcategories&post=34271"},{"taxonomy":"post_tag","embeddable":true,"href":"https:\/\/gerardoduque.com.mx\/index.php?rest_route=%2Fwp%2Fv2%2Ftags&post=34271"}],"curies":[{"name":"wp","href":"https:\/\/api.w.org\/{rel}","templated":true}]}}