{"id":34263,"date":"2025-02-21T16:01:14","date_gmt":"2025-02-21T22:01:14","guid":{"rendered":"https:\/\/gerardoduque.com.mx\/?p=34263"},"modified":"2025-02-21T16:01:18","modified_gmt":"2025-02-21T22:01:18","slug":"inician-tramite-de-juicio-de-amparo-federal-contra-diputada-roxanna-hernandez","status":"publish","type":"post","link":"https:\/\/gerardoduque.com.mx\/?p=34263","title":{"rendered":"INICIAN TR\u00c1MITE DE JUICIO DE AMPARO FEDERAL CONTRA DIPUTADA ROXANNA HERN\u00c1NDEZ"},"content":{"rendered":"\n<p>El Juzgado S\u00e9ptimo del Noveno Distrito Federal, con sede en Ciudad Valles, inici\u00f3 el tr\u00e1mite del Juicio de Amparo radicado con el n\u00famero 92\/2025, promovido por Gerardo Duque Larraga, en contra de actos de autoridad desplegados en su perjuicio por la diputada local Roxxana Hern\u00e1ndez Ram\u00edrez, representante del XIV distrito electoral en el Congreso del Estado de San Luis Potos\u00ed.<\/p>\n\n\n\n<p>Se\u00f1al\u00f3 tambi\u00e9n el juzgador, que la audiencia constitucional de este Juicio de Amparo se llevar\u00e1 a cabo el d\u00eda 24 de marzo del presente a\u00f1o, y se le requiere a la diputada que rinda el informe al respecto de los actos que se\u00f1ala el quejoso.<\/p>\n\n\n\n<p>Ante la falta de respuesta de la directiva del Congreso potosino, se opt\u00f3 por buscar la protecci\u00f3n de la justicia federal en este asunto que involucra a la diputada local por el Partido Verde.<\/p>\n","protected":false},"excerpt":{"rendered":"<p>La audiencia ser\u00e1 el pr\u00f3ximo lunes <\/p>\n","protected":false},"author":4,"featured_media":34264,"comment_status":"closed","ping_status":"closed","sticky":false,"template":"","format":"standard","meta":{"_et_pb_use_builder":"off","_et_pb_old_content":"","_et_gb_content_width":"","footnotes":""},"categories":[412,62],"tags":[],"class_list":["post-34263","post","type-post","status-publish","format-standard","has-post-thumbnail","hentry","category-destacado","category-redaccion"],"_links":{"self":[{"href":"https:\/\/gerardoduque.com.mx\/index.php?rest_route=\/wp\/v2\/posts\/34263","targetHints":{"allow":["GET"]}}],"collection":[{"href":"https:\/\/gerardoduque.com.mx\/index.php?rest_route=\/wp\/v2\/posts"}],"about":[{"href":"https:\/\/gerardoduque.com.mx\/index.php?rest_route=\/wp\/v2\/types\/post"}],"author":[{"embeddable":true,"href":"https:\/\/gerardoduque.com.mx\/index.php?rest_route=\/wp\/v2\/users\/4"}],"replies":[{"embeddable":true,"href":"https:\/\/gerardoduque.com.mx\/index.php?rest_route=%2Fwp%2Fv2%2Fcomments&post=34263"}],"version-history":[{"count":0,"href":"https:\/\/gerardoduque.com.mx\/index.php?rest_route=\/wp\/v2\/posts\/34263\/revisions"}],"wp:featuredmedia":[{"embeddable":true,"href":"https:\/\/gerardoduque.com.mx\/index.php?rest_route=\/wp\/v2\/media\/34264"}],"wp:attachment":[{"href":"https:\/\/gerardoduque.com.mx\/index.php?rest_route=%2Fwp%2Fv2%2Fmedia&parent=34263"}],"wp:term":[{"taxonomy":"category","embeddable":true,"href":"https:\/\/gerardoduque.com.mx\/index.php?rest_route=%2Fwp%2Fv2%2Fcategories&post=34263"},{"taxonomy":"post_tag","embeddable":true,"href":"https:\/\/gerardoduque.com.mx\/index.php?rest_route=%2Fwp%2Fv2%2Ftags&post=34263"}],"curies":[{"name":"wp","href":"https:\/\/api.w.org\/{rel}","templated":true}]}}