{"id":34259,"date":"2025-02-21T15:16:39","date_gmt":"2025-02-21T21:16:39","guid":{"rendered":"https:\/\/gerardoduque.com.mx\/?p=34259"},"modified":"2025-02-21T15:16:43","modified_gmt":"2025-02-21T21:16:43","slug":"detienen-a-exjefe-de-los-talibanes-de-jorge-teran-lo-acusan-de-tortura-y-homicidio-en-valles","status":"publish","type":"post","link":"https:\/\/gerardoduque.com.mx\/?p=34259","title":{"rendered":"DETIENEN A EXJEFE DE \u00abLOS TALIBANES\u00bb DE JORGE TER\u00c1N: LO ACUSAN DE TORTURA Y HOMICIDIO EN VALLES"},"content":{"rendered":"\n<p>La Fiscal\u00eda General del Estado de San Luis Potos\u00ed (FGESLP) captur\u00f3 a Iv\u00e1n Ernesto \u201cN\u201d, a trav\u00e9s de una orden de aprehensi\u00f3n por los delitos de homicidio calificado y tortura, tras un hecho que ocurri\u00f3 en abril de 2017 en Ciudad Valles.<\/p>\n\n\n\n<p>El se\u00f1alado en su calidad de director de la Polic\u00eda Municipal, presuntamente detuvo a las v\u00edctimas en un canal de televisi\u00f3n por cable.<\/p>\n\n\n\n<p>Las v\u00edctimas fueron golpeados con diferentes objetos, hasta que los afectados perdieron la vida.<\/p>\n\n\n\n<p>Personal de la FGESLP llev\u00f3 a cabo las indagatorias respectivas y logr\u00f3 integrar datos de prueba necesarios, con los cuales, se acudi\u00f3 ante la autoridad judicial para peticionar la respectiva orden de aprehensi\u00f3n, misma que fue obsequiada por el Juez de Control.<\/p>\n\n\n\n<p>A efecto de lograr la aprehensi\u00f3n de esta persona, la Polic\u00eda de Investigaci\u00f3n (PDI) realiz\u00f3 diversas labores de campo hasta que estableci\u00f3 la ubicaci\u00f3n de Iv\u00e1n Ernesto \u201cN\u201d en la ciudad de Matamoros, del estado de Tamaulipas.<\/p>\n\n\n\n<p>Por lo anterior, la PDI solicit\u00f3 la intervenci\u00f3n de las autoridades de la regi\u00f3n mencionada y al recibir el respaldo, se efectu\u00f3 la captura del probable responsable, quien enfrentar\u00e1 a la autoridad judicial potosina en las pr\u00f3ximas horas.<\/p>\n","protected":false},"excerpt":{"rendered":"<p>Fue director de la Polic\u00eda Municipal de Ciudad Valles en 2017<\/p>\n","protected":false},"author":4,"featured_media":34260,"comment_status":"closed","ping_status":"closed","sticky":false,"template":"","format":"standard","meta":{"_et_pb_use_builder":"off","_et_pb_old_content":"","_et_gb_content_width":"","footnotes":""},"categories":[412,62],"tags":[],"class_list":["post-34259","post","type-post","status-publish","format-standard","has-post-thumbnail","hentry","category-destacado","category-redaccion"],"_links":{"self":[{"href":"https:\/\/gerardoduque.com.mx\/index.php?rest_route=\/wp\/v2\/posts\/34259","targetHints":{"allow":["GET"]}}],"collection":[{"href":"https:\/\/gerardoduque.com.mx\/index.php?rest_route=\/wp\/v2\/posts"}],"about":[{"href":"https:\/\/gerardoduque.com.mx\/index.php?rest_route=\/wp\/v2\/types\/post"}],"author":[{"embeddable":true,"href":"https:\/\/gerardoduque.com.mx\/index.php?rest_route=\/wp\/v2\/users\/4"}],"replies":[{"embeddable":true,"href":"https:\/\/gerardoduque.com.mx\/index.php?rest_route=%2Fwp%2Fv2%2Fcomments&post=34259"}],"version-history":[{"count":0,"href":"https:\/\/gerardoduque.com.mx\/index.php?rest_route=\/wp\/v2\/posts\/34259\/revisions"}],"wp:featuredmedia":[{"embeddable":true,"href":"https:\/\/gerardoduque.com.mx\/index.php?rest_route=\/wp\/v2\/media\/34260"}],"wp:attachment":[{"href":"https:\/\/gerardoduque.com.mx\/index.php?rest_route=%2Fwp%2Fv2%2Fmedia&parent=34259"}],"wp:term":[{"taxonomy":"category","embeddable":true,"href":"https:\/\/gerardoduque.com.mx\/index.php?rest_route=%2Fwp%2Fv2%2Fcategories&post=34259"},{"taxonomy":"post_tag","embeddable":true,"href":"https:\/\/gerardoduque.com.mx\/index.php?rest_route=%2Fwp%2Fv2%2Ftags&post=34259"}],"curies":[{"name":"wp","href":"https:\/\/api.w.org\/{rel}","templated":true}]}}