{"id":34255,"date":"2025-02-21T06:46:00","date_gmt":"2025-02-21T12:46:00","guid":{"rendered":"https:\/\/gerardoduque.com.mx\/?p=34255"},"modified":"2025-02-21T15:07:00","modified_gmt":"2025-02-21T21:07:00","slug":"se-llevo-a-cabo-mesa-de-seguridad-en-la-region-media","status":"publish","type":"post","link":"https:\/\/gerardoduque.com.mx\/?p=34255","title":{"rendered":"SE LLEV\u00d3 A CABO MESA DE SEGURIDAD EN LA REGI\u00d3N MEDIA"},"content":{"rendered":"\n<p>El Gobernador de San Luis Potos\u00ed, Ricardo Gallardo Cardona, encabez\u00f3 este jueves la reuni\u00f3n del Comit\u00e9 Estatal para la Construcci\u00f3n de la Paz y Seguridad, para trabajar en conjunto con autoridades municipales en la tranquilidad de las familias potosinas y de los visitantes de la regi\u00f3n Media.<\/p>\n\n\n\n<p>Desde el Centro de Investigaci\u00f3n y Extensi\u00f3n Zona Media \u201cEl Balandr\u00e1n\u201d, en Ciudad Fern\u00e1ndez, el Mandatario Estatal llam\u00f3 a los alcaldes de la regi\u00f3n, as\u00ed como titulares de seguridad p\u00fablica municipal a trabajar en coordinaci\u00f3n interinstitucional con el intercambio de informaci\u00f3n que ayude a prevenir y disminuir la incidencia delictiva en las cuatro regiones.<\/p>\n\n\n\n<p>Se destac\u00f3 el fortalecimiento a los elementos operativos y de procuraci\u00f3n de justicia, inversiones estatales en patrullas y equipo, para mejorar las condiciones laborales y ofrecer un mejor servicio garantizando el bienestar de las familias.<\/p>\n\n\n\n<p>Finalmente, destac\u00f3 que a la par de una estrategia de seguridad, el Gobierno Estatal fortalece los programas sociales que atienden las necesidades de las familias, adem\u00e1s del impulso a actividades culturales, deportivas y de sano esparcimiento, y obras de infraestructura que llevan bienestar y mejor calidad de vida a las y los potosinos, un plan integral que incluye atenci\u00f3n a las cuatro regiones del Estado.<\/p>\n","protected":false},"excerpt":{"rendered":"<p>Se llam\u00f3 a los alcaldes de la regi\u00f3n, as\u00ed como titulares de seguridad p\u00fablica municipal a trabajar en coordinaci\u00f3n para prevenir y disminuir la incidencia delictiva en las cuatro regiones.<\/p>\n","protected":false},"author":4,"featured_media":34256,"comment_status":"closed","ping_status":"closed","sticky":false,"template":"","format":"standard","meta":{"_et_pb_use_builder":"off","_et_pb_old_content":"","_et_gb_content_width":"","footnotes":""},"categories":[412,280],"tags":[72,66],"class_list":["post-34255","post","type-post","status-publish","format-standard","has-post-thumbnail","hentry","category-destacado","category-gob-slp","tag-gobierno-del-estado","tag-san-luis-potosi"],"_links":{"self":[{"href":"https:\/\/gerardoduque.com.mx\/index.php?rest_route=\/wp\/v2\/posts\/34255","targetHints":{"allow":["GET"]}}],"collection":[{"href":"https:\/\/gerardoduque.com.mx\/index.php?rest_route=\/wp\/v2\/posts"}],"about":[{"href":"https:\/\/gerardoduque.com.mx\/index.php?rest_route=\/wp\/v2\/types\/post"}],"author":[{"embeddable":true,"href":"https:\/\/gerardoduque.com.mx\/index.php?rest_route=\/wp\/v2\/users\/4"}],"replies":[{"embeddable":true,"href":"https:\/\/gerardoduque.com.mx\/index.php?rest_route=%2Fwp%2Fv2%2Fcomments&post=34255"}],"version-history":[{"count":0,"href":"https:\/\/gerardoduque.com.mx\/index.php?rest_route=\/wp\/v2\/posts\/34255\/revisions"}],"wp:featuredmedia":[{"embeddable":true,"href":"https:\/\/gerardoduque.com.mx\/index.php?rest_route=\/wp\/v2\/media\/34256"}],"wp:attachment":[{"href":"https:\/\/gerardoduque.com.mx\/index.php?rest_route=%2Fwp%2Fv2%2Fmedia&parent=34255"}],"wp:term":[{"taxonomy":"category","embeddable":true,"href":"https:\/\/gerardoduque.com.mx\/index.php?rest_route=%2Fwp%2Fv2%2Fcategories&post=34255"},{"taxonomy":"post_tag","embeddable":true,"href":"https:\/\/gerardoduque.com.mx\/index.php?rest_route=%2Fwp%2Fv2%2Ftags&post=34255"}],"curies":[{"name":"wp","href":"https:\/\/api.w.org\/{rel}","templated":true}]}}