{"id":34251,"date":"2025-02-21T13:26:37","date_gmt":"2025-02-21T19:26:37","guid":{"rendered":"https:\/\/gerardoduque.com.mx\/?p=34251"},"modified":"2025-02-21T13:26:41","modified_gmt":"2025-02-21T19:26:41","slug":"lider-de-celula-criminal-detenido-en-cardenas","status":"publish","type":"post","link":"https:\/\/gerardoduque.com.mx\/?p=34251","title":{"rendered":"L\u00cdDER DE C\u00c9LULA CRIMINAL DETENIDO EN C\u00c1RDENAS"},"content":{"rendered":"\n<p>El presunto l\u00edder de una c\u00e9lula criminal fue detenido en la zona Media de la entidad, a trav\u00e9s de un operativo coordinado entre efectivos de la SEDENA y de la Guardia Nacional, as\u00ed como agentes de la Guardia Civil Estatal.<\/p>\n\n\n\n<p>El individuo fue capturado en posesi\u00f3n de m\u00e1s de un kilo de marihuana, dosis de metanfetaminas, armamento, entre otros objetos constitutivos de delito.<\/p>\n\n\n\n<p>Labores operativas y de inteligencia lograron detectar al individuo en el Barrio de San Isidro, a bordo de una camioneta Nissan Kicks, color blanco. El veh\u00edculo cuenta con reporte de robo en el vecino municipio de Ray\u00f3n.<\/p>\n\n\n\n<p>Al momento de su detenci\u00f3n, a H\u00e9ctor \u201cN\u201d de 39 a\u00f1os de edad, se le decomisaron un arma de fuego larga, un cargador, 24 cartuchos \u00fatiles, un kilo con 430 gramos de marihuana, distribuido en 94 bolsas pl\u00e1sticas, 15 dosis de \u201ccristal\u201d o metanfetamina, as\u00ed como dos garrafas de 20 litros, con un l\u00edquido y la leyenda \u201csosa\u201d.<\/p>\n\n\n\n<p>Las autoridades presumen que el individuo detenido estar\u00eda implicado en diversos hechos il\u00edcitos ocurridos recientemente en ese sector de la zona Media, tales como narcomenudeo, extorsi\u00f3n, privaci\u00f3n de la libertad, \u201ccobro de piso\u201d, as\u00ed como desaparici\u00f3n de personas<\/p>\n\n\n\n<p>La Secretar\u00eda de Seguridad del Estado inform\u00f3 que el detenido \u201cfue puesto a disposici\u00f3n de la autoridad competente para lo que determine procedente\u201d, sin precisar si se trata de la Fiscal\u00eda General del Estado o la Fiscal\u00eda General de la Rep\u00fablica.<\/p>\n","protected":false},"excerpt":{"rendered":"<p>Vinculado a extorsi\u00f3n, secuestro, desaparici\u00f3n de personas, \u201ccobro de piso\u201d y narcomenudeo<\/p>\n","protected":false},"author":4,"featured_media":34252,"comment_status":"closed","ping_status":"closed","sticky":false,"template":"","format":"standard","meta":{"_et_pb_use_builder":"off","_et_pb_old_content":"","_et_gb_content_width":"","footnotes":""},"categories":[412,62],"tags":[],"class_list":["post-34251","post","type-post","status-publish","format-standard","has-post-thumbnail","hentry","category-destacado","category-redaccion"],"_links":{"self":[{"href":"https:\/\/gerardoduque.com.mx\/index.php?rest_route=\/wp\/v2\/posts\/34251","targetHints":{"allow":["GET"]}}],"collection":[{"href":"https:\/\/gerardoduque.com.mx\/index.php?rest_route=\/wp\/v2\/posts"}],"about":[{"href":"https:\/\/gerardoduque.com.mx\/index.php?rest_route=\/wp\/v2\/types\/post"}],"author":[{"embeddable":true,"href":"https:\/\/gerardoduque.com.mx\/index.php?rest_route=\/wp\/v2\/users\/4"}],"replies":[{"embeddable":true,"href":"https:\/\/gerardoduque.com.mx\/index.php?rest_route=%2Fwp%2Fv2%2Fcomments&post=34251"}],"version-history":[{"count":0,"href":"https:\/\/gerardoduque.com.mx\/index.php?rest_route=\/wp\/v2\/posts\/34251\/revisions"}],"wp:featuredmedia":[{"embeddable":true,"href":"https:\/\/gerardoduque.com.mx\/index.php?rest_route=\/wp\/v2\/media\/34252"}],"wp:attachment":[{"href":"https:\/\/gerardoduque.com.mx\/index.php?rest_route=%2Fwp%2Fv2%2Fmedia&parent=34251"}],"wp:term":[{"taxonomy":"category","embeddable":true,"href":"https:\/\/gerardoduque.com.mx\/index.php?rest_route=%2Fwp%2Fv2%2Fcategories&post=34251"},{"taxonomy":"post_tag","embeddable":true,"href":"https:\/\/gerardoduque.com.mx\/index.php?rest_route=%2Fwp%2Fv2%2Ftags&post=34251"}],"curies":[{"name":"wp","href":"https:\/\/api.w.org\/{rel}","templated":true}]}}