{"id":34239,"date":"2025-02-21T12:16:01","date_gmt":"2025-02-21T18:16:01","guid":{"rendered":"https:\/\/gerardoduque.com.mx\/?p=34239"},"modified":"2025-02-21T12:16:06","modified_gmt":"2025-02-21T18:16:06","slug":"escolta-armado-arremetio-contra-ciclista-en-la-capital-potosina","status":"publish","type":"post","link":"https:\/\/gerardoduque.com.mx\/?p=34239","title":{"rendered":"ESCOLTA ARMADO ARREMETI\u00d3 CONTRA CICLISTA EN LA CAPITAL POTOSINA"},"content":{"rendered":"\n<p>En posesi\u00f3n de armas largas, cargadores y cartuchos \u00fatiles, fue detenido el \u00abescolta\u00bb que agredi\u00f3 a un ciclista en la avenida Carranza en la capital de San Luis Potos\u00ed.<\/p>\n\n\n\n<p>La noche del jueves el sujeto (ahora detenido) agredi\u00f3 f\u00edsicamente y someti\u00f3 en el suelo a un ciclista que le reclam\u00f3 por obstruir la \u00abciclov\u00eda\u00bb sobre la avenida Venustiano Carranza, en la c\u00e9ntrica zona de Tequis.<\/p>\n\n\n\n<p>El individuo armado resguardaba un par de camionetas color blanco sin placas (una Suburban y una Mercedes Benz) que estaban estacionadas obstruyendo el paso exclusivo para bicicletas<\/p>\n\n\n\n<p>El ciclista reclam\u00f3 y el \u201cguardaespaldas\u201d reaccion\u00f3 de manera desproporcionada, violenta.<\/p>\n\n\n\n<p>La agresi\u00f3n hacia el ciclista fue videograbada por transe\u00fantes y se viraliz\u00f3 en redes sociales, lo que gener\u00f3 una indignaci\u00f3n colectiva. &nbsp;<\/p>\n\n\n\n<p>Esta ma\u00f1ana, la Secretar\u00eda de Seguridad Estatal inform\u00f3 que el sujeto finalmente fue interceptado y detenido. Llevaba armas largas, cargadores y cartuchos \u00fatiles, por lo que fue puesto a disposici\u00f3n de la FGR.<\/p>\n","protected":false},"excerpt":{"rendered":"<p>Fue detenido en posesi\u00f3n de armas largas, cargadores y cartuchos \u00fatiles  <\/p>\n","protected":false},"author":4,"featured_media":34240,"comment_status":"closed","ping_status":"closed","sticky":false,"template":"","format":"standard","meta":{"_et_pb_use_builder":"off","_et_pb_old_content":"","_et_gb_content_width":"","footnotes":""},"categories":[412,62],"tags":[],"class_list":["post-34239","post","type-post","status-publish","format-standard","has-post-thumbnail","hentry","category-destacado","category-redaccion"],"_links":{"self":[{"href":"https:\/\/gerardoduque.com.mx\/index.php?rest_route=\/wp\/v2\/posts\/34239","targetHints":{"allow":["GET"]}}],"collection":[{"href":"https:\/\/gerardoduque.com.mx\/index.php?rest_route=\/wp\/v2\/posts"}],"about":[{"href":"https:\/\/gerardoduque.com.mx\/index.php?rest_route=\/wp\/v2\/types\/post"}],"author":[{"embeddable":true,"href":"https:\/\/gerardoduque.com.mx\/index.php?rest_route=\/wp\/v2\/users\/4"}],"replies":[{"embeddable":true,"href":"https:\/\/gerardoduque.com.mx\/index.php?rest_route=%2Fwp%2Fv2%2Fcomments&post=34239"}],"version-history":[{"count":0,"href":"https:\/\/gerardoduque.com.mx\/index.php?rest_route=\/wp\/v2\/posts\/34239\/revisions"}],"wp:featuredmedia":[{"embeddable":true,"href":"https:\/\/gerardoduque.com.mx\/index.php?rest_route=\/wp\/v2\/media\/34240"}],"wp:attachment":[{"href":"https:\/\/gerardoduque.com.mx\/index.php?rest_route=%2Fwp%2Fv2%2Fmedia&parent=34239"}],"wp:term":[{"taxonomy":"category","embeddable":true,"href":"https:\/\/gerardoduque.com.mx\/index.php?rest_route=%2Fwp%2Fv2%2Fcategories&post=34239"},{"taxonomy":"post_tag","embeddable":true,"href":"https:\/\/gerardoduque.com.mx\/index.php?rest_route=%2Fwp%2Fv2%2Ftags&post=34239"}],"curies":[{"name":"wp","href":"https:\/\/api.w.org\/{rel}","templated":true}]}}