{"id":34181,"date":"2025-02-18T13:32:33","date_gmt":"2025-02-18T19:32:33","guid":{"rendered":"https:\/\/gerardoduque.com.mx\/?p=34181"},"modified":"2025-02-18T13:32:38","modified_gmt":"2025-02-18T19:32:38","slug":"cientos-de-evacuados-por-megaincendio-en-zona-metropolitana-de-slp","status":"publish","type":"post","link":"https:\/\/gerardoduque.com.mx\/?p=34181","title":{"rendered":"CIENTOS DE EVACUADOS POR MEGAINCENDIO EN ZONA METROPOLITANA DE SLP"},"content":{"rendered":"\n<p>Este martes se gener\u00f3 un incendio de grandes proporciones en la zona metropolitana de la capital potosina.<\/p>\n\n\n\n<p>Ardi\u00f3 un almac\u00e9n de tarimas de madera; en la bodega tambi\u00e9n hab\u00eda pl\u00e1stico que sirvi\u00f3 como combustible.<\/p>\n\n\n\n<p>El epicentro del fuego fue en un predio ubicado en avenida Valent\u00edn Amador y carretera a Matehuala.<\/p>\n\n\n\n<p>Las llamas se expandieron en una amplia zona. Una gigante columna de humo negro fue visible desde varios kil\u00f3metros de distancia<\/p>\n\n\n\n<p>Las autoridades no descartaron que el incendio haya sido provocado intencionalmente.<\/p>\n\n\n\n<p>La Coordinaci\u00f3n Estatal de Protecci\u00f3n Civil confirm\u00f3 que fueron evacuadas escuelas y viviendas cercanas al siniestro.<\/p>\n\n\n\n<p>Cientos de alumnos, de preescolar, primaria y secundaria abandonaron sus planteles educativos<\/p>\n\n\n\n<p>Tambi\u00e9n fueron desalojados negocios, oficinas, casas e incluso moteles.<\/p>\n\n\n\n<p>Para combatir el fuego se movilizaron una treintena de elementos del Cuerpo de Bomberos Metropolitano, as\u00ed como medio centenar de pipas de agua.<\/p>\n\n\n\n<p>Ciudadanos y repartidores de comida r\u00e1pida arribaron las inmediaciones del lugar del incendio para llevar bebidas hidratantes y comida a los elementos de los cuerpos de emergencia.<\/p>\n\n\n\n<p>A las 13:00 horas, la Coordinaci\u00f3n Estatal de Protecci\u00f3n Civil inform\u00f3 que el incendio se encuentra en etapa de enfriamiento, tras lograr apagar el fuego, por lo que pidi\u00f3 a la poblaci\u00f3n no circular en la zona y atender las indicaciones de las autoridades.<\/p>\n","protected":false},"excerpt":{"rendered":"<p>No descartan que haya sido provocado intencionalmente <\/p>\n","protected":false},"author":4,"featured_media":34182,"comment_status":"closed","ping_status":"closed","sticky":false,"template":"","format":"standard","meta":{"_et_pb_use_builder":"off","_et_pb_old_content":"","_et_gb_content_width":"","footnotes":""},"categories":[412,62],"tags":[],"class_list":["post-34181","post","type-post","status-publish","format-standard","has-post-thumbnail","hentry","category-destacado","category-redaccion"],"_links":{"self":[{"href":"https:\/\/gerardoduque.com.mx\/index.php?rest_route=\/wp\/v2\/posts\/34181","targetHints":{"allow":["GET"]}}],"collection":[{"href":"https:\/\/gerardoduque.com.mx\/index.php?rest_route=\/wp\/v2\/posts"}],"about":[{"href":"https:\/\/gerardoduque.com.mx\/index.php?rest_route=\/wp\/v2\/types\/post"}],"author":[{"embeddable":true,"href":"https:\/\/gerardoduque.com.mx\/index.php?rest_route=\/wp\/v2\/users\/4"}],"replies":[{"embeddable":true,"href":"https:\/\/gerardoduque.com.mx\/index.php?rest_route=%2Fwp%2Fv2%2Fcomments&post=34181"}],"version-history":[{"count":0,"href":"https:\/\/gerardoduque.com.mx\/index.php?rest_route=\/wp\/v2\/posts\/34181\/revisions"}],"wp:featuredmedia":[{"embeddable":true,"href":"https:\/\/gerardoduque.com.mx\/index.php?rest_route=\/wp\/v2\/media\/34182"}],"wp:attachment":[{"href":"https:\/\/gerardoduque.com.mx\/index.php?rest_route=%2Fwp%2Fv2%2Fmedia&parent=34181"}],"wp:term":[{"taxonomy":"category","embeddable":true,"href":"https:\/\/gerardoduque.com.mx\/index.php?rest_route=%2Fwp%2Fv2%2Fcategories&post=34181"},{"taxonomy":"post_tag","embeddable":true,"href":"https:\/\/gerardoduque.com.mx\/index.php?rest_route=%2Fwp%2Fv2%2Ftags&post=34181"}],"curies":[{"name":"wp","href":"https:\/\/api.w.org\/{rel}","templated":true}]}}