{"id":34126,"date":"2025-02-16T18:44:45","date_gmt":"2025-02-17T00:44:45","guid":{"rendered":"https:\/\/gerardoduque.com.mx\/?p=34126"},"modified":"2025-02-16T18:44:50","modified_gmt":"2025-02-17T00:44:50","slug":"identifican-a-mama-de-la-bebe-abandonada-en-tamazunchale-es-estudiante-del-tecnologico","status":"publish","type":"post","link":"https:\/\/gerardoduque.com.mx\/?p=34126","title":{"rendered":"IDENTIFICAN A MAM\u00c1 DE LA BEB\u00c9 ABANDONADA EN TAMAZUNCHALE; ES ESTUDIANTE DEL TECNOL\u00d3GICO"},"content":{"rendered":"\n<p>La Fiscal\u00eda General del Estado localiz\u00f3 a la joven madre que abandon\u00f3 a su reci\u00e9n nacida en un predio cercano al Instituto Tecnol\u00f3gico Superior de Tamazunchale.<\/p>\n\n\n\n<p>La mujer fue identificada como Mayra \u201cN\u201d, de 19 a\u00f1os de edad, estudiante de esa misma instituci\u00f3n, quien se encuentra recibiendo atenci\u00f3n m\u00e9dica.<\/p>\n\n\n\n<p>A trav\u00e9s de redes sociales la beb\u00e9 fue nombrada \u201cValentina\u201d, ya que naci\u00f3 en v\u00edsperas del D\u00eda de San Valent\u00edn.<\/p>\n\n\n\n<p>La reci\u00e9n nacida fue trasladada al Hospital General de Ciudad Valles y est\u00e1 bajo resguardo de la Procuradur\u00eda de Producci\u00f3n a Ni\u00f1as, Ni\u00f1os y Adolescentes (PPNNA).<\/p>\n\n\n\n<p>Las autoridades informaron que se est\u00e1 analizando el contexto familiar y social de la joven para esclarecer los motivos que la llevaron a tomar la decisi\u00f3n de dejar abandonada a su reci\u00e9n nacida.<\/p>\n\n\n\n<p>Adem\u00e1s, la Fiscal\u00eda General del Estado est\u00e1 integrado una carpeta de investigaci\u00f3n para determinar qu\u00e9 tipo de acci\u00f3n legal tendr\u00e1 que enfrentar la joven madre.<\/p>\n","protected":false},"excerpt":{"rendered":"<p>La abandon\u00f3 previo al D\u00eda de San Valent\u00edn<\/p>\n","protected":false},"author":4,"featured_media":34027,"comment_status":"closed","ping_status":"closed","sticky":false,"template":"","format":"standard","meta":{"_et_pb_use_builder":"off","_et_pb_old_content":"","_et_gb_content_width":"","footnotes":""},"categories":[412,62],"tags":[],"class_list":["post-34126","post","type-post","status-publish","format-standard","has-post-thumbnail","hentry","category-destacado","category-redaccion"],"_links":{"self":[{"href":"https:\/\/gerardoduque.com.mx\/index.php?rest_route=\/wp\/v2\/posts\/34126","targetHints":{"allow":["GET"]}}],"collection":[{"href":"https:\/\/gerardoduque.com.mx\/index.php?rest_route=\/wp\/v2\/posts"}],"about":[{"href":"https:\/\/gerardoduque.com.mx\/index.php?rest_route=\/wp\/v2\/types\/post"}],"author":[{"embeddable":true,"href":"https:\/\/gerardoduque.com.mx\/index.php?rest_route=\/wp\/v2\/users\/4"}],"replies":[{"embeddable":true,"href":"https:\/\/gerardoduque.com.mx\/index.php?rest_route=%2Fwp%2Fv2%2Fcomments&post=34126"}],"version-history":[{"count":0,"href":"https:\/\/gerardoduque.com.mx\/index.php?rest_route=\/wp\/v2\/posts\/34126\/revisions"}],"wp:featuredmedia":[{"embeddable":true,"href":"https:\/\/gerardoduque.com.mx\/index.php?rest_route=\/wp\/v2\/media\/34027"}],"wp:attachment":[{"href":"https:\/\/gerardoduque.com.mx\/index.php?rest_route=%2Fwp%2Fv2%2Fmedia&parent=34126"}],"wp:term":[{"taxonomy":"category","embeddable":true,"href":"https:\/\/gerardoduque.com.mx\/index.php?rest_route=%2Fwp%2Fv2%2Fcategories&post=34126"},{"taxonomy":"post_tag","embeddable":true,"href":"https:\/\/gerardoduque.com.mx\/index.php?rest_route=%2Fwp%2Fv2%2Ftags&post=34126"}],"curies":[{"name":"wp","href":"https:\/\/api.w.org\/{rel}","templated":true}]}}