{"id":34051,"date":"2025-02-13T14:58:09","date_gmt":"2025-02-13T20:58:09","guid":{"rendered":"https:\/\/gerardoduque.com.mx\/?p=34051"},"modified":"2025-02-13T14:58:15","modified_gmt":"2025-02-13T20:58:15","slug":"entregan-tarjetas-de-transporte-publico-gratuito-en-la-zona-metropolitana","status":"publish","type":"post","link":"https:\/\/gerardoduque.com.mx\/?p=34051","title":{"rendered":"ENTREGAN TARJETAS DE TRANSPORTE P\u00daBLICO GRATUITO EN LA ZONA METROPOLITANA"},"content":{"rendered":"\n<p>M\u00e1s de seis mil 500 personas con discapacidad y adultas mayores de la zona metropolitana, ya son beneficiarias del programa de subsidio al transporte p\u00fablico colectivo, luego de que este jueves el Gobernador de San Luis Potos\u00ed, Ricardo Gallardo Cardona, entreg\u00f3 la segunda etapa del programa, con una garant\u00eda de 60 viajes al mes.<\/p>\n\n\n\n<p>Al entregar m\u00e1s de tres mil tarjetas, sumadas a las tres mil 500 recibidas por los beneficiarios durante el a\u00f1o pasado, el Mandatario Estatal expuso que, durante la segunda etapa del programa ser\u00e1n destinados 23.59 millones de pesos para impactar directamente en la econom\u00eda de las familias que tienen a una persona que vive con discapacidad o es adulta mayor.<\/p>\n\n\n\n<p>Este programa es adicional al apoyo para estudiantes Mi Pase, que beneficia a 80 mil j\u00f3venes, para que no dejen sus estudios por falta de recursos econ\u00f3micos y anunci\u00f3 que su Gobierno iniciar\u00e1 en abril, el programa de vivienda, con el cual, entregar\u00e1 30 mil lotes de terreno, adem\u00e1s de apoyar para la construcci\u00f3n viviendas en las cuatro regiones del Estado.<\/p>\n\n\n\n<figure class=\"wp-block-gallery has-nested-images columns-default is-cropped wp-block-gallery-1 is-layout-flex wp-block-gallery-is-layout-flex\">\n<figure class=\"wp-block-image size-large\"><img decoding=\"async\" width=\"1024\" height=\"682\" data-id=\"34053\" src=\"https:\/\/gerardoduque.com.mx\/wp-content\/uploads\/2025\/02\/WhatsApp-Image-2025-02-13-at-2.33.36-PM-3-1024x682.jpeg\" alt=\"\" class=\"wp-image-34053\" srcset=\"https:\/\/gerardoduque.com.mx\/wp-content\/uploads\/2025\/02\/WhatsApp-Image-2025-02-13-at-2.33.36-PM-3-980x653.jpeg 980w, https:\/\/gerardoduque.com.mx\/wp-content\/uploads\/2025\/02\/WhatsApp-Image-2025-02-13-at-2.33.36-PM-3-480x320.jpeg 480w\" sizes=\"(min-width: 0px) and (max-width: 480px) 480px, (min-width: 481px) and (max-width: 980px) 980px, (min-width: 981px) 1024px, 100vw\" \/><\/figure>\n\n\n\n<figure class=\"wp-block-image size-large\"><img decoding=\"async\" width=\"1024\" height=\"576\" data-id=\"34055\" src=\"https:\/\/gerardoduque.com.mx\/wp-content\/uploads\/2025\/02\/WhatsApp-Image-2025-02-13-at-2.33.36-PM-2-1024x576.jpeg\" alt=\"\" class=\"wp-image-34055\" srcset=\"https:\/\/gerardoduque.com.mx\/wp-content\/uploads\/2025\/02\/WhatsApp-Image-2025-02-13-at-2.33.36-PM-2-980x551.jpeg 980w, https:\/\/gerardoduque.com.mx\/wp-content\/uploads\/2025\/02\/WhatsApp-Image-2025-02-13-at-2.33.36-PM-2-480x270.jpeg 480w\" sizes=\"(min-width: 0px) and (max-width: 480px) 480px, (min-width: 481px) and (max-width: 980px) 980px, (min-width: 981px) 1024px, 100vw\" \/><\/figure>\n\n\n\n<figure class=\"wp-block-image size-large\"><img decoding=\"async\" width=\"910\" height=\"1024\" data-id=\"34054\" src=\"https:\/\/gerardoduque.com.mx\/wp-content\/uploads\/2025\/02\/WhatsApp-Image-2025-02-13-at-2.33.36-PM-910x1024.jpeg\" alt=\"\" class=\"wp-image-34054\"\/><\/figure>\n<\/figure>\n","protected":false},"excerpt":{"rendered":"<p>M\u00e1s de seis mil 500 personas con discapacidad y adultas mayores de la zona metropolitana recibieron este apoyo.<\/p>\n","protected":false},"author":4,"featured_media":34052,"comment_status":"closed","ping_status":"closed","sticky":false,"template":"","format":"standard","meta":{"_et_pb_use_builder":"off","_et_pb_old_content":"","_et_gb_content_width":"","footnotes":""},"categories":[412,280],"tags":[72,66],"class_list":["post-34051","post","type-post","status-publish","format-standard","has-post-thumbnail","hentry","category-destacado","category-gob-slp","tag-gobierno-del-estado","tag-san-luis-potosi"],"_links":{"self":[{"href":"https:\/\/gerardoduque.com.mx\/index.php?rest_route=\/wp\/v2\/posts\/34051","targetHints":{"allow":["GET"]}}],"collection":[{"href":"https:\/\/gerardoduque.com.mx\/index.php?rest_route=\/wp\/v2\/posts"}],"about":[{"href":"https:\/\/gerardoduque.com.mx\/index.php?rest_route=\/wp\/v2\/types\/post"}],"author":[{"embeddable":true,"href":"https:\/\/gerardoduque.com.mx\/index.php?rest_route=\/wp\/v2\/users\/4"}],"replies":[{"embeddable":true,"href":"https:\/\/gerardoduque.com.mx\/index.php?rest_route=%2Fwp%2Fv2%2Fcomments&post=34051"}],"version-history":[{"count":0,"href":"https:\/\/gerardoduque.com.mx\/index.php?rest_route=\/wp\/v2\/posts\/34051\/revisions"}],"wp:featuredmedia":[{"embeddable":true,"href":"https:\/\/gerardoduque.com.mx\/index.php?rest_route=\/wp\/v2\/media\/34052"}],"wp:attachment":[{"href":"https:\/\/gerardoduque.com.mx\/index.php?rest_route=%2Fwp%2Fv2%2Fmedia&parent=34051"}],"wp:term":[{"taxonomy":"category","embeddable":true,"href":"https:\/\/gerardoduque.com.mx\/index.php?rest_route=%2Fwp%2Fv2%2Fcategories&post=34051"},{"taxonomy":"post_tag","embeddable":true,"href":"https:\/\/gerardoduque.com.mx\/index.php?rest_route=%2Fwp%2Fv2%2Ftags&post=34051"}],"curies":[{"name":"wp","href":"https:\/\/api.w.org\/{rel}","templated":true}]}}